{"id":10014,"date":"2021-05-05T10:51:14","date_gmt":"2021-05-05T08:51:14","guid":{"rendered":"https:\/\/www.monzalecco.lombardia.cisl.it\/?p=10014"},"modified":"2021-05-05T10:51:14","modified_gmt":"2021-05-05T08:51:14","slug":"seveso-a-45-anni-dal-disastro","status":"publish","type":"post","link":"https:\/\/www.monzalecco.lombardia.cisl.it\/?p=10014","title":{"rendered":"Seveso, a 45 anni dal disastro"},"content":{"rendered":"<p>Sono trascorsi 45 anni dal disastro di Seveso. Era il 10 luglio 1976 quando, per effetto di un guasto a un reattore dello stabilimento Icmesa, si sprigionava una nube tossica destinata a investire i Comuni di Meda, Seveso, Cesano Maderno e Desio. Quei fumi nocivi innescarono polemiche politiche che proseguirono per anni. Il sindacato si trov\u00f2 in una posizione delicata, stretto dalla necessit\u00e0 di tutelare i posti di lavoro nel rispetto della salute e dell&#8217;ambiente. \u00abA livello territoriale &#8211; ricorda Fiorenzo Colombo, che per la categoria dei lavoratori chimici della Cisl segu\u00ec per anni gli sviluppi dell&#8217;incidente -, la fuoriuscita della diossina lasci\u00f2 tutti interdetti. Anche gli addetti agli impianti non avevano piena coscienza di che cosa stesse succedendo e della pericolosit\u00e0 di quei fumi. C&#8217;era un misto di incredulit\u00e0 e sottovalutazione\u00bb.<\/p>\n<p>La fabbrica non si ferm\u00f2 subito, ma solo dopo tre o quattro giorni. \u00abAi lavoratori \u2013 spiega Diego Colombo, giornalista, autore del libro \u201cQuelli della diossina\u201d &#8211; fu chiesto di rientrare in fabbrica per mettere in sicurezza il reattore e smaltire il materiale. C&#8217;era ancora una grande quantit\u00e0 di triclorofenolo nell&#8217;azienda e si voleva che venisse reso inerte\u00bb.<\/p>\n<p>Per i lavoratori, un centinaio, fu poi prevista la cassa integrazione guadagni. La fabbrica fu fermata e non riapr\u00ec pi\u00f9. Lo stabilimento fu raso al suolo. \u00abI dipendenti \u2013 prosegue Fiorenzo Colombo \u2013 vennero ricollocati in altri stabilimenti del gruppo o in altre aziende chimiche. Ci fu anche chi diede le dimissioni in cambio di una buonuscita. Dal punto di vista sanitario, nessun lavoratore pat\u00ec conseguenze dirette per quell&#8217;incidente\u00bb.<\/p>\n<p>Se a livello territoriale non ci fu un&#8217;immediata presa di coscienza del problema, i dirigenti sindacali a livello regionale e nazionale compresero subito la portata dell&#8217;incidente. \u00abI nostri responsabili \u2013 osserva Fiorenzo Colombo \u2013 avevano contatti con grandi gruppi chimici e con esperti che non veicolavano notizie confortanti. Il fatto che nel gruppo dirigente del sindacato ci fosse consapevolezza \u00e8 dimostrato dal fatto che sulla stampa sindacale i primi articoli su Seveso apparvero gi\u00e0 a settembre e ottobre, cio\u00e8 poche settimane dopo la fuoriuscita della nube\u00bb.<\/p>\n<p>Il disastro di Seveso ha per\u00f2 avuto conseguenze importanti sul mondo del lavoro. La mobilitazione dell&#8217;opinione pubblica ha infatti portato all&#8217;approvazione della Direttiva Seveso sui grandi rischi. \u00abQuel provvedimento \u2013 conclude Fiorenzo Colombo \u2013 ha imposto alle aziende di effettuare valutazioni preventive sugli impianti e sulle loro modifiche. A queste sono poi associate valutazioni annuali sui rischi. La nube tossica diede anche una grande spinta alle societ\u00e0 di ingegneria per la progettazione di impianti pi\u00f9 sicuri che non prevedevano il contatto diretto tra materie e lavoratori. Un grande passo avanti per la sicurezza\u00bb.<\/p>\n<p>Per ricordare che cos&#8217;\u00e8 stato i disastro di Seveso, le associazioni Brianze e Alisei organizzano un ciclo di incontri che inizier\u00e0 domani 6 maggio alle 17 con un incontro in videoconferenza sul tema \u00abChe cosa \u00e8 accaduto il 10 luglio 1976\u00bb, con l&#8217;intervento del giornalista Diego Colombo. Luned\u00ec 10 maggio \u00e8 poi in programma una tavola rotonda virtuale (ore 17) con Carlo Ghezzi, Marco Caldirola, Alberto Colombo e Valeria Fieramonte. Marted\u00ec 11 maggio, a partire dalle 15 si terr\u00e0 una visita guidata al Bosco delle Querce, il parco sorto nella ex Zona A dopo il disastro.<\/p>\n","protected":false},"excerpt":{"rendered":"<p>Sono trascorsi 45 anni dal disastro di Seveso. Era il 10 luglio 1976 quando, per effetto di un guasto a un reattore dello stabilimento Icmesa, si sprigionava una nube tossica destinata a investire i Comuni di Meda, Seveso, Cesano Maderno e Desio. Quei fumi nocivi innescarono polemiche politiche che proseguirono per anni. Il sindacato si [&hellip;]<\/p>\n","protected":false},"author":5,"featured_media":10015,"comment_status":"closed","ping_status":"open","sticky":false,"template":"","format":"standard","meta":{"footnotes":""},"categories":[1],"tags":[660,659,658],"class_list":{"0":"post-10014","1":"post","2":"type-post","3":"status-publish","4":"format-standard","5":"has-post-thumbnail","7":"category-notizie","8":"tag-diossina","9":"tag-icmesa","10":"tag-seveso","11":"czr-hentry"},"_links":{"self":[{"href":"https:\/\/www.monzalecco.lombardia.cisl.it\/index.php?rest_route=\/wp\/v2\/posts\/10014","targetHints":{"allow":["GET"]}}],"collection":[{"href":"https:\/\/www.monzalecco.lombardia.cisl.it\/index.php?rest_route=\/wp\/v2\/posts"}],"about":[{"href":"https:\/\/www.monzalecco.lombardia.cisl.it\/index.php?rest_route=\/wp\/v2\/types\/post"}],"author":[{"embeddable":true,"href":"https:\/\/www.monzalecco.lombardia.cisl.it\/index.php?rest_route=\/wp\/v2\/users\/5"}],"replies":[{"embeddable":true,"href":"https:\/\/www.monzalecco.lombardia.cisl.it\/index.php?rest_route=%2Fwp%2Fv2%2Fcomments&post=10014"}],"version-history":[{"count":1,"href":"https:\/\/www.monzalecco.lombardia.cisl.it\/index.php?rest_route=\/wp\/v2\/posts\/10014\/revisions"}],"predecessor-version":[{"id":10016,"href":"https:\/\/www.monzalecco.lombardia.cisl.it\/index.php?rest_route=\/wp\/v2\/posts\/10014\/revisions\/10016"}],"wp:featuredmedia":[{"embeddable":true,"href":"https:\/\/www.monzalecco.lombardia.cisl.it\/index.php?rest_route=\/wp\/v2\/media\/10015"}],"wp:attachment":[{"href":"https:\/\/www.monzalecco.lombardia.cisl.it\/index.php?rest_route=%2Fwp%2Fv2%2Fmedia&parent=10014"}],"wp:term":[{"taxonomy":"category","embeddable":true,"href":"https:\/\/www.monzalecco.lombardia.cisl.it\/index.php?rest_route=%2Fwp%2Fv2%2Fcategories&post=10014"},{"taxonomy":"post_tag","embeddable":true,"href":"https:\/\/www.monzalecco.lombardia.cisl.it\/index.php?rest_route=%2Fwp%2Fv2%2Ftags&post=10014"}],"curies":[{"name":"wp","href":"https:\/\/api.w.org\/{rel}","templated":true}]}}