{"id":10171,"date":"2021-06-04T17:20:38","date_gmt":"2021-06-04T15:20:38","guid":{"rendered":"https:\/\/www.monzalecco.lombardia.cisl.it\/?p=10171"},"modified":"2021-06-04T17:27:35","modified_gmt":"2021-06-04T15:27:35","slug":"contributi-figurativi-per-part-time-ciclico","status":"publish","type":"post","link":"https:\/\/www.monzalecco.lombardia.cisl.it\/?p=10171","title":{"rendered":"Contributi figurativi per part-time ciclico verticale"},"content":{"rendered":"<p>I buchi contributivi di chi lavora con un contratto part-time verticale e ciclico potranno essere recuperati. Grazie alla Legge finanziaria e a una circolare Inps (emessa a maggio), i lavoratori potranno fare richiesta di contributi figurativi per i periodi di sospensione (a partire dal 1984). Ci\u00f2 permetter\u00e0 di recuperare, ai fini dell&#8217;anzianit\u00e0, i mesi persi.<\/p>\n<p>Il caso tipico \u00e8 quello degli addetti e delle addette alle mense scolastiche. Lavorano nove dieci mesi e, durante le vacanze, il loro contratto \u00e8 sospeso. Ora possono recuperare questi mesi \u00abpersi\u00bb.<\/p>\n<p>\u00abSi tratta di un doppio vantaggio &#8211; spiega Francesco Barazzetta, Fisascat Cisl Mbl -. Da un lato si coprono periodi di vuoto contributivo. Dall&#8217;altro si sana un&#8217;ingiustizia. Due lavoratori di due settori diversi, pur lavorando per lo stesso numero di anni, andavano in pensione in momenti diversi. Ci\u00f2 non era giusto\u00bb.<\/p>\n<p>Accedere ai contributi figurativi non \u00e8 per\u00f2 automatico, ma \u00e8 necessario fare un&#8217;apposita domanda all&#8217;Inps. \u00abLa Fisascat Cisl Mbl &#8211; osserva Barazzetta \u2013 pu\u00f2 fornire le informazioni e l&#8217;assistenza per fare la richiesta. I lavoratori e le lavoratrici possono rivolgersi ai nostri uffici a Monza (via Dante 17\/a, 039.2399231) e a Lecco (via Besonda Inferiore 11, tel. 0341.275562) oppure possono scriverci alla mail <a href=\"mailto:part-time@fisascatcislmbl.it\">part-time@fisascatcislmbl.it<\/a>\u00bb.<\/p>\n<p>&nbsp;<\/p>\n<p>&nbsp;<\/p>\n<p>&nbsp;<\/p>\n","protected":false},"excerpt":{"rendered":"<p>I buchi contributivi di chi lavora con un contratto part-time verticale e ciclico potranno essere recuperati. Grazie alla Legge finanziaria e a una circolare Inps (emessa a maggio), i lavoratori potranno fare richiesta di contributi figurativi per i periodi di sospensione (a partire dal 1984). Ci\u00f2 permetter\u00e0 di recuperare, ai fini dell&#8217;anzianit\u00e0, i mesi persi. [&hellip;]<\/p>\n","protected":false},"author":5,"featured_media":8583,"comment_status":"closed","ping_status":"open","sticky":false,"template":"","format":"standard","meta":{"footnotes":""},"categories":[1],"tags":[101,668],"class_list":{"0":"post-10171","1":"post","2":"type-post","3":"status-publish","4":"format-standard","5":"has-post-thumbnail","7":"category-notizie","8":"tag-fisascat","9":"tag-part-time","10":"czr-hentry"},"_links":{"self":[{"href":"https:\/\/www.monzalecco.lombardia.cisl.it\/index.php?rest_route=\/wp\/v2\/posts\/10171","targetHints":{"allow":["GET"]}}],"collection":[{"href":"https:\/\/www.monzalecco.lombardia.cisl.it\/index.php?rest_route=\/wp\/v2\/posts"}],"about":[{"href":"https:\/\/www.monzalecco.lombardia.cisl.it\/index.php?rest_route=\/wp\/v2\/types\/post"}],"author":[{"embeddable":true,"href":"https:\/\/www.monzalecco.lombardia.cisl.it\/index.php?rest_route=\/wp\/v2\/users\/5"}],"replies":[{"embeddable":true,"href":"https:\/\/www.monzalecco.lombardia.cisl.it\/index.php?rest_route=%2Fwp%2Fv2%2Fcomments&post=10171"}],"version-history":[{"count":2,"href":"https:\/\/www.monzalecco.lombardia.cisl.it\/index.php?rest_route=\/wp\/v2\/posts\/10171\/revisions"}],"predecessor-version":[{"id":10173,"href":"https:\/\/www.monzalecco.lombardia.cisl.it\/index.php?rest_route=\/wp\/v2\/posts\/10171\/revisions\/10173"}],"wp:featuredmedia":[{"embeddable":true,"href":"https:\/\/www.monzalecco.lombardia.cisl.it\/index.php?rest_route=\/wp\/v2\/media\/8583"}],"wp:attachment":[{"href":"https:\/\/www.monzalecco.lombardia.cisl.it\/index.php?rest_route=%2Fwp%2Fv2%2Fmedia&parent=10171"}],"wp:term":[{"taxonomy":"category","embeddable":true,"href":"https:\/\/www.monzalecco.lombardia.cisl.it\/index.php?rest_route=%2Fwp%2Fv2%2Fcategories&post=10171"},{"taxonomy":"post_tag","embeddable":true,"href":"https:\/\/www.monzalecco.lombardia.cisl.it\/index.php?rest_route=%2Fwp%2Fv2%2Ftags&post=10171"}],"curies":[{"name":"wp","href":"https:\/\/api.w.org\/{rel}","templated":true}]}}