{"id":10188,"date":"2021-06-07T19:55:52","date_gmt":"2021-06-07T17:55:52","guid":{"rendered":"https:\/\/www.monzalecco.lombardia.cisl.it\/?p=10188"},"modified":"2021-06-07T20:00:30","modified_gmt":"2021-06-07T18:00:30","slug":"fontana-il-premio-della-discordia","status":"publish","type":"post","link":"https:\/\/www.monzalecco.lombardia.cisl.it\/?p=10188","title":{"rendered":"Fontana, il premio della discordia"},"content":{"rendered":"<p>Il premio di risultato alla fine c\u2019\u00e8, ma \u00e8 un quarto di quello ricevuto lo scorso anno. \u00c8 stata questa la motivazione che ha spinto questa mattina, luned\u00ec 7 giugno circa 350 lavoratori della Fontana Pietro di Calolzio a incrociare le braccia. Uno sciopero che pu\u00f2 definirsi \u00abstorico\u00bb visto che \u00e8 il secondo nella storia dell&#8217;azienda lecchese, leader nella produzione di stampi per le pi\u00f9 prestigiose case automobilistiche come Ferrari, McLaren e Lamborghini.<\/p>\n<p>\u00abIl premio di risultato riconosciuto quest&#8217;anno \u2013 spiega Eliana Dell\u2019Acqua, Fim Cisl Mbl \u2013 \u00e8 di molto inferiore alle aspettative dei lavoratori. Tre anni fa avevamo firmato un accordo che prevedeva un premio sulla base di alcuni parametri. Prevedeva inoltre un intervento sull\u2019organizzazione del lavoro. Intervento che per\u00f2 non \u00e8 mai stato fatto e da questo dipende, in gran parte, anche il premio cos\u00ec basso\u00bb.<\/p>\n<p>Presenti alla manifestazione, i rappresentanti di Fiom Cgil, Fim Cisl e Uilm Uil e i membri della Rappresentanza sindacale unitaria. Tutti hanno puntato l&#8217;accento sul fatto che la presa di posizione dei lavoratori non si limita alla questione, seppur spinosa, del reddito di risultato, ma sul tavolo ci sono le condizioni di lavoro. \u00abBagni fatiscenti, risparmi sul vestiario aziendale e sul cibo serviti in mensa \u2013 osserva Eliana Dell\u2019Acqua -. Il premio \u00e8 solo la punta dell\u2019iceberg di un disagio diffuso\u00bb.<\/p>\n<p>\u00abI lavoratori \u2013 continua Eliana Dell\u2019Acqua &#8211; nell&#8217;anno caratterizzato dalla pandemia\u00a0non hanno mai fatto mancare il proprio impegno anche in condizioni difficili, anche quando il virus mieteva vittime e noi non sapevamo cosa ci aspettava, cosa avremmo portato a casa alle nostre famiglie\u00bb. Dopo sei settimane di cassa integrazione effettuate dai lavoratori nel 2020, sono state effettuate anche tantissime ore di straordinario, compresi 21 sabati lavorati.<\/p>\n","protected":false},"excerpt":{"rendered":"<p>Il premio di risultato alla fine c\u2019\u00e8, ma \u00e8 un quarto di quello ricevuto lo scorso anno. \u00c8 stata questa la motivazione che ha spinto questa mattina, luned\u00ec 7 giugno circa 350 lavoratori della Fontana Pietro di Calolzio a incrociare le braccia. Uno sciopero che pu\u00f2 definirsi \u00abstorico\u00bb visto che \u00e8 il secondo nella storia [&hellip;]<\/p>\n","protected":false},"author":5,"featured_media":3237,"comment_status":"closed","ping_status":"open","sticky":false,"template":"","format":"standard","meta":{"footnotes":""},"categories":[1],"tags":[27,141],"class_list":{"0":"post-10188","1":"post","2":"type-post","3":"status-publish","4":"format-standard","5":"has-post-thumbnail","7":"category-notizie","8":"tag-fim","9":"tag-fontana","10":"czr-hentry"},"_links":{"self":[{"href":"https:\/\/www.monzalecco.lombardia.cisl.it\/index.php?rest_route=\/wp\/v2\/posts\/10188","targetHints":{"allow":["GET"]}}],"collection":[{"href":"https:\/\/www.monzalecco.lombardia.cisl.it\/index.php?rest_route=\/wp\/v2\/posts"}],"about":[{"href":"https:\/\/www.monzalecco.lombardia.cisl.it\/index.php?rest_route=\/wp\/v2\/types\/post"}],"author":[{"embeddable":true,"href":"https:\/\/www.monzalecco.lombardia.cisl.it\/index.php?rest_route=\/wp\/v2\/users\/5"}],"replies":[{"embeddable":true,"href":"https:\/\/www.monzalecco.lombardia.cisl.it\/index.php?rest_route=%2Fwp%2Fv2%2Fcomments&post=10188"}],"version-history":[{"count":2,"href":"https:\/\/www.monzalecco.lombardia.cisl.it\/index.php?rest_route=\/wp\/v2\/posts\/10188\/revisions"}],"predecessor-version":[{"id":10190,"href":"https:\/\/www.monzalecco.lombardia.cisl.it\/index.php?rest_route=\/wp\/v2\/posts\/10188\/revisions\/10190"}],"wp:featuredmedia":[{"embeddable":true,"href":"https:\/\/www.monzalecco.lombardia.cisl.it\/index.php?rest_route=\/wp\/v2\/media\/3237"}],"wp:attachment":[{"href":"https:\/\/www.monzalecco.lombardia.cisl.it\/index.php?rest_route=%2Fwp%2Fv2%2Fmedia&parent=10188"}],"wp:term":[{"taxonomy":"category","embeddable":true,"href":"https:\/\/www.monzalecco.lombardia.cisl.it\/index.php?rest_route=%2Fwp%2Fv2%2Fcategories&post=10188"},{"taxonomy":"post_tag","embeddable":true,"href":"https:\/\/www.monzalecco.lombardia.cisl.it\/index.php?rest_route=%2Fwp%2Fv2%2Ftags&post=10188"}],"curies":[{"name":"wp","href":"https:\/\/api.w.org\/{rel}","templated":true}]}}