{"id":10282,"date":"2021-06-16T10:24:14","date_gmt":"2021-06-16T08:24:14","guid":{"rendered":"https:\/\/www.monzalecco.lombardia.cisl.it\/?p=10282"},"modified":"2021-06-16T10:24:14","modified_gmt":"2021-06-16T08:24:14","slug":"brugola-presidio-e-attesa","status":"publish","type":"post","link":"https:\/\/www.monzalecco.lombardia.cisl.it\/?p=10282","title":{"rendered":"Brugola, presidio e attesa"},"content":{"rendered":"<p>Dopo il presidio di ieri a Lissone, i lavoratori e le lavoratrici della Brugola adesso attendono due importanti appuntamenti. Il primo \u00e8 l&#8217;esito dell&#8217;indagine dell&#8217;Ispettorato del lavoro su eventuali irregolarit\u00e0 della direzione. L&#8217;altro \u00e8 la fine della cassa integrazione covid-19. Due momenti importanti perch\u00e9 definiranno quale strada prender\u00e0 la vertenza che interessa una quindicina di lavoratori e lavoratrici posti in cassa integrazione da 15 mesi, senza rotazione.<\/p>\n<p>\u00abMolti di loro \u2013 spiega Eliana Dall&#8217;Acqua, Fim Cisl Mbl &#8211; possono ruotare con i colleghi, ma l\u2019azienda non li considera meritevoli, qualcuno ha permesso per assistenza a familiari malati, altri hanno qualche limitazione, alcune sono mamme con bimbi piccoli e qualcuno ha osato dire che non era d\u2019accordo. In questi mesi l\u2019azienda ha licenziato, aggirando la moratoria sui licenziamenti\u00bb.<\/p>\n<p>Per questo motivo, il sindacato ha chiesto chiesto all\u2019Ispettorato del lavoro di effettuare indagini su possibili irregolarit\u00e0 nella gestione da parte della direzione. \u00abL\u2019Ispettorato ha avviato indagini &#8211; continua Eliana Dall&#8217;Acqua -. Per fine mese dovrebbe rendere noti i risultati. Vedremo che cosa emerger\u00e0\u00bb.<\/p>\n<p>Nel frattempo scadr\u00e0 la cassa Covid-19. \u00abAnche in questo caso siamo in attesa di vedere come si comporter\u00e0 l&#8217;azienda \u2013 prosegue -. Al momento non \u00e8 stata presentata una procedura per licenziamento collettivo e quindi non c&#8217;\u00e8 pi\u00f9 tempo per effettuare licenziamenti entro la fine del mese. Si proceder\u00e0 con licenziamenti individuali? Ma che senso avrebbe? In ogni caso, il sindacato si opporr\u00e0 a una simile opzione\u00bb.<\/p>\n<p>Al presidio di ieri si \u00e8 presentata anche Concetta Monguzzi, sindaco di Lissone. \u00abIl primo cittadino &#8211; conclude Eliana Dall&#8217;Acqua \u2013 si \u00e8 detta disponibile a contattare la propriet\u00e0 e a favorire l&#8217;istituzione di un tavolo di confronto. Si \u00e8 anche detta disponibile a portare la vertenza in sede provinciale. Come sindacato noi siamo disponibili al confronto in ogni sede per tutelare i lavoratori\u00bb.<\/p>\n<p>&nbsp;<\/p>\n<p>&nbsp;<\/p>\n<p>&nbsp;<\/p>\n","protected":false},"excerpt":{"rendered":"<p>Dopo il presidio di ieri a Lissone, i lavoratori e le lavoratrici della Brugola adesso attendono due importanti appuntamenti. Il primo \u00e8 l&#8217;esito dell&#8217;indagine dell&#8217;Ispettorato del lavoro su eventuali irregolarit\u00e0 della direzione. L&#8217;altro \u00e8 la fine della cassa integrazione covid-19. Due momenti importanti perch\u00e9 definiranno quale strada prender\u00e0 la vertenza che interessa una quindicina di [&hellip;]<\/p>\n","protected":false},"author":5,"featured_media":10283,"comment_status":"closed","ping_status":"open","sticky":false,"template":"","format":"standard","meta":{"footnotes":""},"categories":[1],"tags":[619,27],"class_list":{"0":"post-10282","1":"post","2":"type-post","3":"status-publish","4":"format-standard","5":"has-post-thumbnail","7":"category-notizie","8":"tag-brugola","9":"tag-fim","10":"czr-hentry"},"_links":{"self":[{"href":"https:\/\/www.monzalecco.lombardia.cisl.it\/index.php?rest_route=\/wp\/v2\/posts\/10282","targetHints":{"allow":["GET"]}}],"collection":[{"href":"https:\/\/www.monzalecco.lombardia.cisl.it\/index.php?rest_route=\/wp\/v2\/posts"}],"about":[{"href":"https:\/\/www.monzalecco.lombardia.cisl.it\/index.php?rest_route=\/wp\/v2\/types\/post"}],"author":[{"embeddable":true,"href":"https:\/\/www.monzalecco.lombardia.cisl.it\/index.php?rest_route=\/wp\/v2\/users\/5"}],"replies":[{"embeddable":true,"href":"https:\/\/www.monzalecco.lombardia.cisl.it\/index.php?rest_route=%2Fwp%2Fv2%2Fcomments&post=10282"}],"version-history":[{"count":1,"href":"https:\/\/www.monzalecco.lombardia.cisl.it\/index.php?rest_route=\/wp\/v2\/posts\/10282\/revisions"}],"predecessor-version":[{"id":10284,"href":"https:\/\/www.monzalecco.lombardia.cisl.it\/index.php?rest_route=\/wp\/v2\/posts\/10282\/revisions\/10284"}],"wp:featuredmedia":[{"embeddable":true,"href":"https:\/\/www.monzalecco.lombardia.cisl.it\/index.php?rest_route=\/wp\/v2\/media\/10283"}],"wp:attachment":[{"href":"https:\/\/www.monzalecco.lombardia.cisl.it\/index.php?rest_route=%2Fwp%2Fv2%2Fmedia&parent=10282"}],"wp:term":[{"taxonomy":"category","embeddable":true,"href":"https:\/\/www.monzalecco.lombardia.cisl.it\/index.php?rest_route=%2Fwp%2Fv2%2Fcategories&post=10282"},{"taxonomy":"post_tag","embeddable":true,"href":"https:\/\/www.monzalecco.lombardia.cisl.it\/index.php?rest_route=%2Fwp%2Fv2%2Ftags&post=10282"}],"curies":[{"name":"wp","href":"https:\/\/api.w.org\/{rel}","templated":true}]}}