{"id":10328,"date":"2021-06-18T18:08:41","date_gmt":"2021-06-18T16:08:41","guid":{"rendered":"https:\/\/www.monzalecco.lombardia.cisl.it\/?p=10328"},"modified":"2021-06-18T18:12:10","modified_gmt":"2021-06-18T16:12:10","slug":"morte-a-biandrate-cordoglio-cisl","status":"publish","type":"post","link":"https:\/\/www.monzalecco.lombardia.cisl.it\/?p=10328","title":{"rendered":"Morte a Biandrate, cordoglio Cisl"},"content":{"rendered":"<p>La Cisl Monza Brianza Lecco, ferme restando le necessarie verifiche sullo svolgimento dei fatti a carico degli organi di pubblica sicurezza, esprime il pi\u00f9 profondo sdegno per la morte del rappresentante sindacale investito da un camion oggi presso un grande magazzino di Biandrate (No) durante una mobilitazione dei lavoratori di quel sito.<\/p>\n<p>Sempre pi\u00f9 spesso dobbiamo prendere atto che si diffonde la pratica di forzare con ogni mezzo i presidi delle lavoratrici e dei lavoratori a difesa delle loro condizioni di lavoro.<\/p>\n<p>Oggi questa deriva ci ha portato alla perdita della vita di un uomo di 37 anni. Il valore economico delle attivit\u00e0 sta diventando prevalente sul valore della sicurezza e della vita delle persone. Tutto ci\u00f2 \u00e8 per noi inaccettabile ed \u00e8 compito delle istituzioni democratiche farsi carico di trovare le necessarie misure di controllo.<br \/>\nEsprimiamo la nostra vicinanza alla famiglia e ai colleghi di Adil Belakhdim.<\/p>\n<p><em>Cisl Monza Brianza Lecco<\/em><\/p>\n","protected":false},"excerpt":{"rendered":"<p>La Cisl Monza Brianza Lecco, ferme restando le necessarie verifiche sullo svolgimento dei fatti a carico degli organi di pubblica sicurezza, esprime il pi\u00f9 profondo sdegno per la morte del rappresentante sindacale investito da un camion oggi presso un grande magazzino di Biandrate (No) durante una mobilitazione dei lavoratori di quel sito. Sempre pi\u00f9 spesso [&hellip;]<\/p>\n","protected":false},"author":5,"featured_media":10331,"comment_status":"closed","ping_status":"open","sticky":false,"template":"","format":"standard","meta":{"footnotes":""},"categories":[1],"tags":[675],"class_list":{"0":"post-10328","1":"post","2":"type-post","3":"status-publish","4":"format-standard","5":"has-post-thumbnail","7":"category-notizie","8":"tag-biandrate","9":"czr-hentry"},"_links":{"self":[{"href":"https:\/\/www.monzalecco.lombardia.cisl.it\/index.php?rest_route=\/wp\/v2\/posts\/10328","targetHints":{"allow":["GET"]}}],"collection":[{"href":"https:\/\/www.monzalecco.lombardia.cisl.it\/index.php?rest_route=\/wp\/v2\/posts"}],"about":[{"href":"https:\/\/www.monzalecco.lombardia.cisl.it\/index.php?rest_route=\/wp\/v2\/types\/post"}],"author":[{"embeddable":true,"href":"https:\/\/www.monzalecco.lombardia.cisl.it\/index.php?rest_route=\/wp\/v2\/users\/5"}],"replies":[{"embeddable":true,"href":"https:\/\/www.monzalecco.lombardia.cisl.it\/index.php?rest_route=%2Fwp%2Fv2%2Fcomments&post=10328"}],"version-history":[{"count":1,"href":"https:\/\/www.monzalecco.lombardia.cisl.it\/index.php?rest_route=\/wp\/v2\/posts\/10328\/revisions"}],"predecessor-version":[{"id":10330,"href":"https:\/\/www.monzalecco.lombardia.cisl.it\/index.php?rest_route=\/wp\/v2\/posts\/10328\/revisions\/10330"}],"wp:featuredmedia":[{"embeddable":true,"href":"https:\/\/www.monzalecco.lombardia.cisl.it\/index.php?rest_route=\/wp\/v2\/media\/10331"}],"wp:attachment":[{"href":"https:\/\/www.monzalecco.lombardia.cisl.it\/index.php?rest_route=%2Fwp%2Fv2%2Fmedia&parent=10328"}],"wp:term":[{"taxonomy":"category","embeddable":true,"href":"https:\/\/www.monzalecco.lombardia.cisl.it\/index.php?rest_route=%2Fwp%2Fv2%2Fcategories&post=10328"},{"taxonomy":"post_tag","embeddable":true,"href":"https:\/\/www.monzalecco.lombardia.cisl.it\/index.php?rest_route=%2Fwp%2Fv2%2Ftags&post=10328"}],"curies":[{"name":"wp","href":"https:\/\/api.w.org\/{rel}","templated":true}]}}