{"id":10752,"date":"2021-09-01T10:40:59","date_gmt":"2021-09-01T08:40:59","guid":{"rendered":"https:\/\/www.monzalecco.lombardia.cisl.it\/?p=10752"},"modified":"2021-09-01T11:14:24","modified_gmt":"2021-09-01T09:14:24","slug":"al-via-a-sesto-il-labour-film-festival","status":"publish","type":"post","link":"https:\/\/www.monzalecco.lombardia.cisl.it\/?p=10752","title":{"rendered":"Al via a Sesto il Labour Film Festival"},"content":{"rendered":"<p>Al via domani, 2 settembre, il Labour Film Festival, la rassegna dedicata all\u2019incontro tra cinema e lavoro promossa da Cisl e Acli Lombardia con il Cinema Rondinella. Giunto alla 17esima edizione l\u2019appuntamento con i film che guardano al mondo del lavoro, all\u2019ambiente e alle questioni sociali ad esse collegate, \u00e8 ormai una tradizione per gli affezionati cinefili di Milano e provincia.<\/p>\n<p>Quest\u2019anno in particolare lo sforzo organizzativo \u00e8 stato ancora pi\u00f9 grande e prezioso, considerati i problemi che la pandemia ha causato all\u2019intero settore cinematografico. Nonostante ci\u00f2 la direzione artistica del Labour \u00e8 riuscita a costruire una proposta di tutto rispetto: dal Leone d\u2019oro Nomadland di Chlo\u00e9 Zhao al Premio Oscar Minari di Lee Isaac Chung; dal miglior film al recente Trento film Festival, il georgiano A tunnel al libertario Miss Marx di Susanna Nicchiarelli; da Semina il vento, opera prima coraggiosa di Danilo Caputo, al film che conferma i fratelli De Serio tra i giovani pi\u00f9 interessanti del panorama italiano, Spaccapietre; quindi I profumi di Madame Walberg, di Gregory Magne, Gloria Mundi dell\u2019inossidabile regista militante Robert Guediguian, Now di Jim Rakete, che ci permette di aprire la riflessione alle questioni ambientali di pi\u00f9 stringente attualit\u00e0, per arrivare alla prima visione assoluta con l\u2019iraniano Majid Majidi e il suo Figli del Sole.<\/p>\n<p>Unica in Italia con una formula cos\u00ec articolata, una dei quattro nel panorama europeo, anche quest\u2019anno la rassegna ripropone la sua formula ormai consolidata, articolata su tre sezioni: Labour.Short, dedicata ai cortometraggi, Labour.Doc, ai documentari, e Labour Film, ai lungometraggi di fiction.<\/p>\n<p>Complessivamente,<a href=\"https:\/\/www.lombardia.cisl.it\/wp-content\/uploads\/2021\/07\/labour21webnew.pdf\"> il programma prevede 19 giornate<\/a>, tra serate, pomeriggi e incontri, 25 pellicole e diversi appuntamenti dedicati, con l\u2019intervento di registi ed esperti.<\/p>\n<p>Si parte\u00a0gioved\u00ec 2 settembre alle 21.15\u00a0con In prima linea di Matteo Balsamo e Francesco Del Grosso, documentario su 13 fotoreporter di guerra italiani, premiato all\u2019International Filmmaker Festival of New York 2021. Interverranno alla proiezione il regista Francesco Del Grosso e il fotoreporter Livio Senigalliesi, tra i protagonisti del documentario, che \u00e8 originario di Sesto S. Giovanni.<br \/>\nLa stessa sera si inaugura la mostra fotografica \u201cLifeAfter\u201d, che fino al 26 settembre riproporr\u00e0 negli spazi del Cinema Rondinella l\u2019esperienza della Carovana per la pace durante la guerra in ex-Jugoslavia.<\/p>\n<p>Il\u00a09 settembre\u00a0aprir\u00e0 la serata la proiezione del documentario \u201cLe custodi dell\u2019oro delle Ande\u201d, sul progetto di cooperazione di Iscos Emilia Romagna a sostegno degli allevatori e di alpaca e delle artigiane del Per\u00f9 e della Bolivia. Gioved\u00ec 16, invece, \u00e8 in programma un intenso momento di riflessione sul dramma delle morti sul lavoro, con la partecipazione degli attori del Teatro Officina.<br \/>\nDa segnalare le due serate che vedranno i registi italiani ad incontrare gli spettatori del Labour: gioved\u00ec 23 settembre con Davide Maldi che presenta il suo L\u2019apprendistato; gioved\u00ec 30 settembre, con una serata interamente dedicata al filmmaker Diego Scarponi (che sar\u00e0 presente in sala), durante la quale verranno proiettati i suoi doc Impa, la citt\u00e0 e il recentissimo ed acclamato Fantasmi a Ferrania.<\/p>\n<p>Chiuder\u00e0 la rassegna, gioved\u00ec 7 ottobre, una serata dedicata al \u201cLabour Short Award\u201d, una selezione accurata dei migliori corti a tema lavoro del 2020\/2021, che gli spettatori saranno chiamati a giudicare per scegliere il miglior Labour Short Film della stagione.<\/p>\n<p>Anche per l\u2019edizione 2021 al fianco del Labour Film Festival importanti media partner come Avvenire,\u00a0Il diario del lavoro,\u00a0Il Segno,\u00a0Radio Marconi,\u00a0Conquiste del lavoro,\u00a0Labor Tv,\u00a0Job notizie.<br \/>\nIl costo del biglietto d\u2019ingresso \u00e8 di 5 euro per le proiezioni serali e 3 euro per quelle pomeridiane.<\/p>\n<p>L\u2019intera rassegna si svolge come sempre al Cinema Rondinella di Sesto San Giovanni, in via Matteotti 425, con il patrocinio del Servizio per la vita sociale e il lavoro della Diocesi di Milano e di Europa Cinemas, e con la collaborazione del Circolo Acli San Clemente, di Lombardia Servizi e di BiblioLavoro.<\/p>\n","protected":false},"excerpt":{"rendered":"<p>Al via domani, 2 settembre, il Labour Film Festival, la rassegna dedicata all\u2019incontro tra cinema e lavoro promossa da Cisl e Acli Lombardia con il Cinema Rondinella. Giunto alla 17esima edizione l\u2019appuntamento con i film che guardano al mondo del lavoro, all\u2019ambiente e alle questioni sociali ad esse collegate, \u00e8 ormai una tradizione per gli [&hellip;]<\/p>\n","protected":false},"author":5,"featured_media":10753,"comment_status":"closed","ping_status":"open","sticky":false,"template":"","format":"standard","meta":{"footnotes":""},"categories":[1],"tags":[695,109],"class_list":{"0":"post-10752","1":"post","2":"type-post","3":"status-publish","4":"format-standard","5":"has-post-thumbnail","7":"category-notizie","8":"tag-film","9":"tag-labour-film-festival","10":"czr-hentry"},"_links":{"self":[{"href":"https:\/\/www.monzalecco.lombardia.cisl.it\/index.php?rest_route=\/wp\/v2\/posts\/10752","targetHints":{"allow":["GET"]}}],"collection":[{"href":"https:\/\/www.monzalecco.lombardia.cisl.it\/index.php?rest_route=\/wp\/v2\/posts"}],"about":[{"href":"https:\/\/www.monzalecco.lombardia.cisl.it\/index.php?rest_route=\/wp\/v2\/types\/post"}],"author":[{"embeddable":true,"href":"https:\/\/www.monzalecco.lombardia.cisl.it\/index.php?rest_route=\/wp\/v2\/users\/5"}],"replies":[{"embeddable":true,"href":"https:\/\/www.monzalecco.lombardia.cisl.it\/index.php?rest_route=%2Fwp%2Fv2%2Fcomments&post=10752"}],"version-history":[{"count":3,"href":"https:\/\/www.monzalecco.lombardia.cisl.it\/index.php?rest_route=\/wp\/v2\/posts\/10752\/revisions"}],"predecessor-version":[{"id":10756,"href":"https:\/\/www.monzalecco.lombardia.cisl.it\/index.php?rest_route=\/wp\/v2\/posts\/10752\/revisions\/10756"}],"wp:featuredmedia":[{"embeddable":true,"href":"https:\/\/www.monzalecco.lombardia.cisl.it\/index.php?rest_route=\/wp\/v2\/media\/10753"}],"wp:attachment":[{"href":"https:\/\/www.monzalecco.lombardia.cisl.it\/index.php?rest_route=%2Fwp%2Fv2%2Fmedia&parent=10752"}],"wp:term":[{"taxonomy":"category","embeddable":true,"href":"https:\/\/www.monzalecco.lombardia.cisl.it\/index.php?rest_route=%2Fwp%2Fv2%2Fcategories&post=10752"},{"taxonomy":"post_tag","embeddable":true,"href":"https:\/\/www.monzalecco.lombardia.cisl.it\/index.php?rest_route=%2Fwp%2Fv2%2Ftags&post=10752"}],"curies":[{"name":"wp","href":"https:\/\/api.w.org\/{rel}","templated":true}]}}