{"id":10888,"date":"2021-09-21T18:22:37","date_gmt":"2021-09-21T16:22:37","guid":{"rendered":"https:\/\/www.monzalecco.lombardia.cisl.it\/?p=10888"},"modified":"2021-09-21T18:23:20","modified_gmt":"2021-09-21T16:23:20","slug":"marcia-pace-partecipa-col-sindacato","status":"publish","type":"post","link":"https:\/\/www.monzalecco.lombardia.cisl.it\/?p=10888","title":{"rendered":"Marcia Pace, partecipa col sindacato"},"content":{"rendered":"<p>Cgil, Cisl, Uil e Anpi Monza e Brianza parteciperanno alla marcia per la pace Perugia-Assisi (che quest\u2019anno si intitoler\u00e0 \u00abI care. Cura \u00e8 il nuovo nome della pace\u00bb).<\/p>\n<p>Le organizzazioni sindacali e l\u2019associazione dei partigiani organizzano, in occasione della marcia, un pullman che partir\u00e0 alle ore 23,30 di sabato 9 ottobre da Monza (via della Minerva, piazzale Mos\u00e8 Bianchi). Il ritorno \u00e8 previsto per domenica 10 ottobre entro le ore 24 (partenza prevista ore 16,30).<\/p>\n<p>Le adesioni si ricevono (sino ad esaurimento posti) presso:<\/p>\n<ul>\n<li>CGIL Mb: tel. 039-2731212 <a href=\"mailto:cdltbrianza@cgil.lombardia.it\">cdltbrianza@cgil.lombardia.it<\/a><\/li>\n<li>CISL Mbl: tel. 039.2399227 <a href=\"mailto:ust.monzalecco@cisl.it\">ust.monzalecco@cisl.it<\/a><\/li>\n<li>ANPI Monza: Brianza Giuseppe Caponnetto, tel. 389.9222988 <a href=\"mailto:beppecapo@libero.it\">beppecapo@libero.it<\/a><\/li>\n<\/ul>\n<p>L\u2019accesso a bordo dei servizi di trasporto commerciali non di linea, E\u0300\u00e8 consentito esclusivamente ai soggetti muniti di Green Pass.<\/p>\n","protected":false},"excerpt":{"rendered":"<p>Cgil, Cisl, Uil e Anpi Monza e Brianza parteciperanno alla marcia per la pace Perugia-Assisi (che quest\u2019anno si intitoler\u00e0 \u00abI care. Cura \u00e8 il nuovo nome della pace\u00bb). Le organizzazioni sindacali e l\u2019associazione dei partigiani organizzano, in occasione della marcia, un pullman che partir\u00e0 alle ore 23,30 di sabato 9 ottobre da Monza (via della [&hellip;]<\/p>\n","protected":false},"author":5,"featured_media":3479,"comment_status":"closed","ping_status":"open","sticky":false,"template":"","format":"standard","meta":{"footnotes":""},"categories":[1],"tags":[173],"class_list":{"0":"post-10888","1":"post","2":"type-post","3":"status-publish","4":"format-standard","5":"has-post-thumbnail","7":"category-notizie","8":"tag-pace","9":"czr-hentry"},"_links":{"self":[{"href":"https:\/\/www.monzalecco.lombardia.cisl.it\/index.php?rest_route=\/wp\/v2\/posts\/10888","targetHints":{"allow":["GET"]}}],"collection":[{"href":"https:\/\/www.monzalecco.lombardia.cisl.it\/index.php?rest_route=\/wp\/v2\/posts"}],"about":[{"href":"https:\/\/www.monzalecco.lombardia.cisl.it\/index.php?rest_route=\/wp\/v2\/types\/post"}],"author":[{"embeddable":true,"href":"https:\/\/www.monzalecco.lombardia.cisl.it\/index.php?rest_route=\/wp\/v2\/users\/5"}],"replies":[{"embeddable":true,"href":"https:\/\/www.monzalecco.lombardia.cisl.it\/index.php?rest_route=%2Fwp%2Fv2%2Fcomments&post=10888"}],"version-history":[{"count":1,"href":"https:\/\/www.monzalecco.lombardia.cisl.it\/index.php?rest_route=\/wp\/v2\/posts\/10888\/revisions"}],"predecessor-version":[{"id":10889,"href":"https:\/\/www.monzalecco.lombardia.cisl.it\/index.php?rest_route=\/wp\/v2\/posts\/10888\/revisions\/10889"}],"wp:featuredmedia":[{"embeddable":true,"href":"https:\/\/www.monzalecco.lombardia.cisl.it\/index.php?rest_route=\/wp\/v2\/media\/3479"}],"wp:attachment":[{"href":"https:\/\/www.monzalecco.lombardia.cisl.it\/index.php?rest_route=%2Fwp%2Fv2%2Fmedia&parent=10888"}],"wp:term":[{"taxonomy":"category","embeddable":true,"href":"https:\/\/www.monzalecco.lombardia.cisl.it\/index.php?rest_route=%2Fwp%2Fv2%2Fcategories&post=10888"},{"taxonomy":"post_tag","embeddable":true,"href":"https:\/\/www.monzalecco.lombardia.cisl.it\/index.php?rest_route=%2Fwp%2Fv2%2Ftags&post=10888"}],"curies":[{"name":"wp","href":"https:\/\/api.w.org\/{rel}","templated":true}]}}