{"id":10948,"date":"2021-09-29T16:56:01","date_gmt":"2021-09-29T14:56:01","guid":{"rendered":"https:\/\/www.monzalecco.lombardia.cisl.it\/?p=10948"},"modified":"2021-09-29T17:22:34","modified_gmt":"2021-09-29T15:22:34","slug":"immigrazione-convegno-sullaccoglienza","status":"publish","type":"post","link":"https:\/\/www.monzalecco.lombardia.cisl.it\/?p=10948","title":{"rendered":"Immigrazione, convegno sull&#8217;accoglienza"},"content":{"rendered":"<p>Il tempo delle migrazioni non si \u00e8 fermato e continua a interpellarci e a chiamarci in causa. La recente situazione afghana ne \u00e8, purtroppo, drammatica e dolente conferma.<\/p>\n<p>La rete Bonvena continua il cammino, che l\u2019ha vista in campo in questi anni su questo tema e che tuttora la vede impegnata sul territorio monzese, con alcune importanti novit\u00e0: le idee e i progetti attuali e futuri, infatti, si rivolgeranno &#8211; con le risorse del nuovo Fondo Speranza &#8211; anche ai cittadini pi\u00f9 in difficolt\u00e0, non solo economica.<\/p>\n<p>\u00c8 necessario, oggi pi\u00f9 che mai, fare il punto sulla nostra esperienza per poi tracciare nuovi percorsi di solidariet\u00e0: questa \u00e8 la nuova sfida per la Rete Bonvena e per tutti coloro che ancora pensano che la complessit\u00e0 di questa fase socio-politica, culturale e sanitaria esiga una rinnovata &#8220;cassetta degli attrezzi&#8221; comune a cui attingere.<\/p>\n<p>Una sfida che significa far diventare ordinario ci\u00f2 che \u00e8 stato straordinario, strutturare sempre pi\u00f9 per agire con ancor pi\u00f9 efficacia. Essere pronti a gestire situazioni che non possono pi\u00f9 essere viste come emergenze, momenti, ma che sono ormai parte della nostra societ\u00e0.<\/p>\n<p>Noi ci siamo e sappiamo di non essere soli. Anche questa \u00e8 una buona notizia<\/p>\n<p>Venerd\u00ec, 1\u00b0 ottobre si tiene il \u201cPensare all\u2019accoglienza per disegnare nuove rotte. Dall\u2019emergenza al Fondo Speranza\u201d, seminario provinciale sullo stato dei progetti di autonomia e integrazione: dalla rete territoriale alle testimonianze di altre esperienze in Italia.<\/p>\n<p>La prenotazione \u00e8 obbligatoria al seguente <a href=\"https:\/\/www.eventbrite.it\/e\/biglietti-pensare-allaccoglienza-per-disegnare-nuove-rotte-170170381191\">link\u00a0<\/a> (Il link per la seguire il seminario verr\u00e0 comunicato una volta effettuata l\u2019iscrizione)<\/p>\n<p>L\u2019iniziativa \u00e8 promossa da Bonvena e dalla Rete Brianza Accogliente e Solidale con la rivista Animazione Sociale. Aderisce, tra varie organizzazioni, anche la Cisl Monza Brianza Lecco.<\/p>\n<p><strong>Programma<\/strong><\/p>\n<p><em>Ore 9:<\/em> Saluti Istituzionali<\/p>\n<p><em>Ore 9,30-11:<\/em> Per non dimenticare: percorsi di accoglienza, ieri e oggi<\/p>\n<p><em>Introduce:<\/em> Riccardo Mariani \u2013 Bonvena<\/p>\n<p><em>Modera:<\/em> Luigi Losa, Fondazione Comunit\u00e0 di Monza e della Brianza<\/p>\n<ul>\n<li>Maurizio Ambrosini, Universit\u00e0 degli Studi di Milano<br \/>\n<em>Oltre l\u2019accoglienza: quale sguardo sui flussi migratori in Italia nell\u2019ultimo anno<\/em><\/li>\n<li>Mohamed Ba \u2013 Artista Animatore Culturale<br \/>\n<em>Cosa significa essere italiani oggi?<\/em><\/li>\n<li>Massimiliano Giacomello &#8211; Bonvena<br \/>\n<em>Settimo report sull\u2019accoglienza in provincia di Monza e Brianza<\/em><\/li>\n<li>Matteo Casiraghi &#8211; Brianza Accogliente e Solidale<br \/>\nFare rete sul territorio per favorire autonomia e integrazione<\/li>\n<\/ul>\n<p><em>Ore 11-13:<\/em> Per proseguire: dall\u2019esperienza con le persone migranti, proposte per tutti<\/p>\n<p><em>Modera e conduce:<\/em> Franco Floris, Animazione Sociale<\/p>\n<ul>\n<li>Viola Poggi &#8211; Gruppo Abele, Torino<br \/>\n<em>Integrazione e inclusione per tutti: l\u2019esperienza di Torino<\/em><\/li>\n<li>Annalisa Caron Cgil, Cisl e Uil; Francesco Cacopardi &#8211; Apa Confartigianato Milano-Monza e Brianza<br \/>\n<em>Fondo Speranza: una buona prassi che si \u00e8 evoluta nel territorio<\/em><\/li>\n<li>Silvia Galifi Coop Filotea, Comiso<br \/>\n<em>Storie di accoglienza da sud<\/em><\/li>\n<li>Conclusioni<\/li>\n<\/ul>\n","protected":false},"excerpt":{"rendered":"<p>Il tempo delle migrazioni non si \u00e8 fermato e continua a interpellarci e a chiamarci in causa. La recente situazione afghana ne \u00e8, purtroppo, drammatica e dolente conferma. La rete Bonvena continua il cammino, che l\u2019ha vista in campo in questi anni su questo tema e che tuttora la vede impegnata sul territorio monzese, con [&hellip;]<\/p>\n","protected":false},"author":5,"featured_media":2733,"comment_status":"closed","ping_status":"open","sticky":false,"template":"","format":"standard","meta":{"footnotes":""},"categories":[1],"tags":[300,233],"class_list":{"0":"post-10948","1":"post","2":"type-post","3":"status-publish","4":"format-standard","5":"has-post-thumbnail","7":"category-notizie","8":"tag-accoglienza","9":"tag-immigrazione","10":"czr-hentry"},"_links":{"self":[{"href":"https:\/\/www.monzalecco.lombardia.cisl.it\/index.php?rest_route=\/wp\/v2\/posts\/10948","targetHints":{"allow":["GET"]}}],"collection":[{"href":"https:\/\/www.monzalecco.lombardia.cisl.it\/index.php?rest_route=\/wp\/v2\/posts"}],"about":[{"href":"https:\/\/www.monzalecco.lombardia.cisl.it\/index.php?rest_route=\/wp\/v2\/types\/post"}],"author":[{"embeddable":true,"href":"https:\/\/www.monzalecco.lombardia.cisl.it\/index.php?rest_route=\/wp\/v2\/users\/5"}],"replies":[{"embeddable":true,"href":"https:\/\/www.monzalecco.lombardia.cisl.it\/index.php?rest_route=%2Fwp%2Fv2%2Fcomments&post=10948"}],"version-history":[{"count":1,"href":"https:\/\/www.monzalecco.lombardia.cisl.it\/index.php?rest_route=\/wp\/v2\/posts\/10948\/revisions"}],"predecessor-version":[{"id":10949,"href":"https:\/\/www.monzalecco.lombardia.cisl.it\/index.php?rest_route=\/wp\/v2\/posts\/10948\/revisions\/10949"}],"wp:featuredmedia":[{"embeddable":true,"href":"https:\/\/www.monzalecco.lombardia.cisl.it\/index.php?rest_route=\/wp\/v2\/media\/2733"}],"wp:attachment":[{"href":"https:\/\/www.monzalecco.lombardia.cisl.it\/index.php?rest_route=%2Fwp%2Fv2%2Fmedia&parent=10948"}],"wp:term":[{"taxonomy":"category","embeddable":true,"href":"https:\/\/www.monzalecco.lombardia.cisl.it\/index.php?rest_route=%2Fwp%2Fv2%2Fcategories&post=10948"},{"taxonomy":"post_tag","embeddable":true,"href":"https:\/\/www.monzalecco.lombardia.cisl.it\/index.php?rest_route=%2Fwp%2Fv2%2Ftags&post=10948"}],"curies":[{"name":"wp","href":"https:\/\/api.w.org\/{rel}","templated":true}]}}