{"id":10998,"date":"2021-10-04T17:47:26","date_gmt":"2021-10-04T15:47:26","guid":{"rendered":"https:\/\/www.monzalecco.lombardia.cisl.it\/?p=10998"},"modified":"2021-10-04T17:52:29","modified_gmt":"2021-10-04T15:52:29","slug":"sicurezza-la-cisl-punta-sulla-formazione","status":"publish","type":"post","link":"https:\/\/www.monzalecco.lombardia.cisl.it\/?p=10998","title":{"rendered":"Sicurezza, la Cisl punta sulla formazione"},"content":{"rendered":"<p>Sono giornate di fermento sul tema della sicurezza sul lavoro. Da un lato, la cronaca che ogni giorno ci presenta un numero crescente di morti e incidenti gravi sul posto di lavoro. Dall\u2019altro, il dialogo tra governo e sindacati che finalmente accelera con la conferma da parte del premier Mario Draghi &#8211; cos\u00ec come riportato da Luigi Sbarra, segretario generale della Cisl &#8211; della necessit\u00e0 di assumere con urgenza i provvedimenti condivisi sulla sicurezza del lavoro, mettendo in campo, se necessario, anche un decreto legge.<\/p>\n<p>Tra le misure che sarebbero al vaglio del Governo: il potenziamento della formazione di dipendenti e imprenditori, la revisione delle norme sanzionatorie per le violazioni, banche dati interoperabili, il rafforzamento delle ispezioni, le verifiche e i controlli, la sospensione dell\u2019attivit\u00e0 dove ci sono violazioni delle norme di sicurezza.<\/p>\n<p>Nel frattempo continua nei nostri territori l\u2019impegno, da parte della Cisl Monza Brianza Lecco, ad affermare la cultura della prevenzione della salute nei luoghi di lavoro. Si \u00e8 svolta questa mattina la terza giornata del percorso di formazione degli Rls organizzato dal Dipartimento salute e sicurezza, questa volta sul tema della gestione degli infortuni. Nelle prime due lezioni erano stati approfonditi il ruolo e le funzioni dei rappresentanti dei lavoratori e il tema della lettura del Dvr.<\/p>\n<p>\u00abNon possiamo continuare ad assistere, quasi impotenti, a un bollettino di guerra che sembra non avere fine; una guerra silenziosa, ma in cui migliaia di donne e di uomini, lavoratrici e lavoratori hanno perso la vita sul luogo di lavoro\u00bb, afferma Enzo Mesagna, segretario Cisl Monza Brianza Lecco.<\/p>\n<p>Secondo Mesagna, \u00abIl primo \u00e8 legato al tema culturale. Credo non sia azzardato affermare che non sia pi\u00f9 sufficiente parlare di formazione per la sicurezza, ma sia pi\u00f9 corretto parlare di educazione alla sicurezza proprio per evidenziare la necessit\u00e0 di dare una dimensione pi\u00f9 ampia e completa alla questione sicurezza che deve permeare il nostro vivere quotidiano, non solo all\u2019 interno del perimetro aziendale, ma anche negli altri ambiti della nostra vita pensate agli infortuni domestici o a quelli in itinere\u00bb.<\/p>\n<p>Il secondo ambito, su cui occorre intervenire, secondo Mesagna, \u00e8 quello della vigilanza. \u00abIl nostro servizio ispettivo, anche nella ricca e operosa Lombardia, \u00e8 totalmente insufficiente per coprire il nostro tessuto industriale e il numero delle assunzioni previste dal Governo sono per noi insufficienti &#8211; conclude Mesagna -. \u00c8 essenziale dotarsi di un sistema di vigilanza in grado di intervenire sulle aziende che non rispettano le norme sulla sicurezza, arrivando addirittura al blocco dell\u2019attivit\u00e0 lavorativa\u00bb.<\/p>\n<p>Il momento di formazione \u00e8 stato arricchito dagli interventi di Giorgio Sala e Sergio Ferraro delle sedi Inail di Monza e Lecco che hanno illustrato il quadro generale della situazione degli infortuni e malattie professionali dei due territori e da Franco Longhi, presidente dell\u2019Anmil di Lecco che ha portato la sua testimonianza diretta delle conseguenze di un infortunio grave.<\/p>\n<p>All\u2019incontro erano presenti il segretario della Cisl Lombardia con delega ai temi della salute e sicurezza, PierLuigi Rancati, e i responsabili dei patronati Inas di Monza e Lecco Marco Colombo e Norberto Pandolfi.<\/p>\n<p>&nbsp;<\/p>\n<p>&nbsp;<\/p>\n<p>&nbsp;<\/p>\n<p>CISL MONZA BRIANZA LECCO<\/p>\n","protected":false},"excerpt":{"rendered":"<p>Sono giornate di fermento sul tema della sicurezza sul lavoro. Da un lato, la cronaca che ogni giorno ci presenta un numero crescente di morti e incidenti gravi sul posto di lavoro. Dall\u2019altro, il dialogo tra governo e sindacati che finalmente accelera con la conferma da parte del premier Mario Draghi &#8211; cos\u00ec come riportato [&hellip;]<\/p>\n","protected":false},"author":5,"featured_media":4362,"comment_status":"closed","ping_status":"open","sticky":false,"template":"","format":"standard","meta":{"footnotes":""},"categories":[1],"tags":[175,60],"class_list":{"0":"post-10998","1":"post","2":"type-post","3":"status-publish","4":"format-standard","5":"has-post-thumbnail","7":"category-notizie","8":"tag-sicurezza","9":"tag-sicurezza-sul-lavoro","10":"czr-hentry"},"_links":{"self":[{"href":"https:\/\/www.monzalecco.lombardia.cisl.it\/index.php?rest_route=\/wp\/v2\/posts\/10998","targetHints":{"allow":["GET"]}}],"collection":[{"href":"https:\/\/www.monzalecco.lombardia.cisl.it\/index.php?rest_route=\/wp\/v2\/posts"}],"about":[{"href":"https:\/\/www.monzalecco.lombardia.cisl.it\/index.php?rest_route=\/wp\/v2\/types\/post"}],"author":[{"embeddable":true,"href":"https:\/\/www.monzalecco.lombardia.cisl.it\/index.php?rest_route=\/wp\/v2\/users\/5"}],"replies":[{"embeddable":true,"href":"https:\/\/www.monzalecco.lombardia.cisl.it\/index.php?rest_route=%2Fwp%2Fv2%2Fcomments&post=10998"}],"version-history":[{"count":1,"href":"https:\/\/www.monzalecco.lombardia.cisl.it\/index.php?rest_route=\/wp\/v2\/posts\/10998\/revisions"}],"predecessor-version":[{"id":10999,"href":"https:\/\/www.monzalecco.lombardia.cisl.it\/index.php?rest_route=\/wp\/v2\/posts\/10998\/revisions\/10999"}],"wp:featuredmedia":[{"embeddable":true,"href":"https:\/\/www.monzalecco.lombardia.cisl.it\/index.php?rest_route=\/wp\/v2\/media\/4362"}],"wp:attachment":[{"href":"https:\/\/www.monzalecco.lombardia.cisl.it\/index.php?rest_route=%2Fwp%2Fv2%2Fmedia&parent=10998"}],"wp:term":[{"taxonomy":"category","embeddable":true,"href":"https:\/\/www.monzalecco.lombardia.cisl.it\/index.php?rest_route=%2Fwp%2Fv2%2Fcategories&post=10998"},{"taxonomy":"post_tag","embeddable":true,"href":"https:\/\/www.monzalecco.lombardia.cisl.it\/index.php?rest_route=%2Fwp%2Fv2%2Ftags&post=10998"}],"curies":[{"name":"wp","href":"https:\/\/api.w.org\/{rel}","templated":true}]}}