{"id":11163,"date":"2021-11-03T19:18:42","date_gmt":"2021-11-03T18:18:42","guid":{"rendered":"https:\/\/www.monzalecco.lombardia.cisl.it\/?p=11163"},"modified":"2021-11-03T19:20:52","modified_gmt":"2021-11-03T18:20:52","slug":"lutto-e-morto-ferdinando-bignotti","status":"publish","type":"post","link":"https:\/\/www.monzalecco.lombardia.cisl.it\/?p=11163","title":{"rendered":"Lutto, \u00e8 morto Ferdinando Bignotti"},"content":{"rendered":"<p>\u00c8 morto sabato 30 ottobre Ferdinando Bignotti. Aveva 82 anni. \u00c8 stato uno dei protagonisti della Cisl Brianza negli anni Ottanta e Novanta. Cremonese di origine, ma trasferitosi da giovane a Milano, aveva lavorato per anni proprio nel Comune di Milano (settore acquedotto). Delegato della categoria della funzione pubblica, poi distaccato come operatore, \u00e8 arrivato in Brianza nel 1981, alla costituzione del comprensorio Cisl, occupandosi degli Enti locali. Nel 1992 \u00e8 poi entrato nella segreteria della Cisl Brianza quando a guidarla c&#8217;era Antonio Gilardi. Rieletto in segreteria a fianco di Giuseppe Sala \u00e8 andato in pensione nel 2001. La Cisl Monza Brianza Lecco porge alla famiglia le pi\u00f9 sentite condoglianze.<\/p>\n","protected":false},"excerpt":{"rendered":"<p>\u00c8 morto sabato 30 ottobre Ferdinando Bignotti. Aveva 82 anni. \u00c8 stato uno dei protagonisti della Cisl Brianza negli anni Ottanta e Novanta. Cremonese di origine, ma trasferitosi da giovane a Milano, aveva lavorato per anni proprio nel Comune di Milano (settore acquedotto). Delegato della categoria della funzione pubblica, poi distaccato come operatore, \u00e8 arrivato [&hellip;]<\/p>\n","protected":false},"author":5,"featured_media":11169,"comment_status":"closed","ping_status":"open","sticky":false,"template":"","format":"standard","meta":{"footnotes":""},"categories":[1],"tags":[31,716],"class_list":{"0":"post-11163","1":"post","2":"type-post","3":"status-publish","4":"format-standard","5":"has-post-thumbnail","7":"category-notizie","8":"tag-cisl","9":"tag-ferdinando-bignotti","10":"czr-hentry"},"_links":{"self":[{"href":"https:\/\/www.monzalecco.lombardia.cisl.it\/index.php?rest_route=\/wp\/v2\/posts\/11163","targetHints":{"allow":["GET"]}}],"collection":[{"href":"https:\/\/www.monzalecco.lombardia.cisl.it\/index.php?rest_route=\/wp\/v2\/posts"}],"about":[{"href":"https:\/\/www.monzalecco.lombardia.cisl.it\/index.php?rest_route=\/wp\/v2\/types\/post"}],"author":[{"embeddable":true,"href":"https:\/\/www.monzalecco.lombardia.cisl.it\/index.php?rest_route=\/wp\/v2\/users\/5"}],"replies":[{"embeddable":true,"href":"https:\/\/www.monzalecco.lombardia.cisl.it\/index.php?rest_route=%2Fwp%2Fv2%2Fcomments&post=11163"}],"version-history":[{"count":1,"href":"https:\/\/www.monzalecco.lombardia.cisl.it\/index.php?rest_route=\/wp\/v2\/posts\/11163\/revisions"}],"predecessor-version":[{"id":11164,"href":"https:\/\/www.monzalecco.lombardia.cisl.it\/index.php?rest_route=\/wp\/v2\/posts\/11163\/revisions\/11164"}],"wp:featuredmedia":[{"embeddable":true,"href":"https:\/\/www.monzalecco.lombardia.cisl.it\/index.php?rest_route=\/wp\/v2\/media\/11169"}],"wp:attachment":[{"href":"https:\/\/www.monzalecco.lombardia.cisl.it\/index.php?rest_route=%2Fwp%2Fv2%2Fmedia&parent=11163"}],"wp:term":[{"taxonomy":"category","embeddable":true,"href":"https:\/\/www.monzalecco.lombardia.cisl.it\/index.php?rest_route=%2Fwp%2Fv2%2Fcategories&post=11163"},{"taxonomy":"post_tag","embeddable":true,"href":"https:\/\/www.monzalecco.lombardia.cisl.it\/index.php?rest_route=%2Fwp%2Fv2%2Ftags&post=11163"}],"curies":[{"name":"wp","href":"https:\/\/api.w.org\/{rel}","templated":true}]}}