{"id":11182,"date":"2021-11-08T15:40:06","date_gmt":"2021-11-08T14:40:06","guid":{"rendered":"https:\/\/www.monzalecco.lombardia.cisl.it\/?p=11182"},"modified":"2021-11-08T15:40:06","modified_gmt":"2021-11-08T14:40:06","slug":"servizi-ambientali-27-mesi-senza-contratto","status":"publish","type":"post","link":"https:\/\/www.monzalecco.lombardia.cisl.it\/?p=11182","title":{"rendered":"Servizi ambientali 27 mesi senza contratto"},"content":{"rendered":"<p>All\u2019inizio della pandemia hanno lavorato senza particolari protezioni, non hanno mai interrotto il servizio anche nel periodo pi\u00f9 difficile di questa emergenza sanitaria. Anche per questo motivo i lavoratori del comparto igiene ambientale, aziende pubbliche e private, si aspettavano il rinnovo del contratto che riconoscesse il loro impegno.<\/p>\n<p>Invece, da quasi 28 mesi sono in attesa di una positiva conclusione delle trattative. Ecco perch\u00e9 le organizzazioni sindacali Fp Cgil, Fit Cisl, Uiltrasporti e Fiadel oggi hanno proclamato uno sciopero nazionale per l\u2019intera giornata.<\/p>\n<p>A Monza i sindacati hanno organizzato un presidio davanti al municipio dalle 9 alle 12. La vertenza interessa a livello nazionale circa 100.000 lavoratori. Nella nostra provincia sono impiegati oltre 700 addetti nel settore raccolta e spazzamento e altri 300 operano nel comparto degli spurghi. Altri 200 lavoratori sono impiegati nella provincia di Lecco.<\/p>\n<p>Lo sciopero ha riscontrato un\u2019ottima adesione: i lavoratori che hanno aderito sono stati pi\u00f9 dell\u201985% tra quelli non precettati. In questo ambito, infatti, i servizi essenziali devono essere sempre garantiti.<\/p>\n<p>\u201cLe aziende vogliono un contratto pi\u00f9 flessibile, pi\u00f9 precario e pi\u00f9 economico\u201d, sottolineano Renato Sciortino, Simone Cereda e Damiano Giglio, segretari di Fit Cisl Monza Brianza Lecco, Fp Cgil Monza e Brianza e Fiadel.<\/p>\n<p>\u201cVogliono destrutturare l\u2019orario di lavoro \u2013 aggiungono \u2013: una proposta per noi inaccettabile. In sostanza, un orario settimanale oggi definito diventerebbe estremamente flessibile a discrezione dell\u2019azienda\u201d.<\/p>\n<p>Dal punto di vista economico, invece, la richiesta delle organizzazioni sindacali \u00e8 in linea con gli aumenti contrattuali delle altre categorie.<\/p>\n<p>I sindacati rivendicano anche evoluzioni delle condizioni di lavoro per tutelare la salute degli operatori e sviluppo di processi di formazione continua.<\/p>\n","protected":false},"excerpt":{"rendered":"<p>All\u2019inizio della pandemia hanno lavorato senza particolari protezioni, non hanno mai interrotto il servizio anche nel periodo pi\u00f9 difficile di questa emergenza sanitaria. Anche per questo motivo i lavoratori del comparto igiene ambientale, aziende pubbliche e private, si aspettavano il rinnovo del contratto che riconoscesse il loro impegno. Invece, da quasi 28 mesi sono in [&hellip;]<\/p>\n","protected":false},"author":5,"featured_media":11183,"comment_status":"closed","ping_status":"open","sticky":false,"template":"","format":"standard","meta":{"footnotes":""},"categories":[1],"tags":[77,717],"class_list":{"0":"post-11182","1":"post","2":"type-post","3":"status-publish","4":"format-standard","5":"has-post-thumbnail","7":"category-notizie","8":"tag-fit","9":"tag-servizi-ambientali","10":"czr-hentry"},"_links":{"self":[{"href":"https:\/\/www.monzalecco.lombardia.cisl.it\/index.php?rest_route=\/wp\/v2\/posts\/11182","targetHints":{"allow":["GET"]}}],"collection":[{"href":"https:\/\/www.monzalecco.lombardia.cisl.it\/index.php?rest_route=\/wp\/v2\/posts"}],"about":[{"href":"https:\/\/www.monzalecco.lombardia.cisl.it\/index.php?rest_route=\/wp\/v2\/types\/post"}],"author":[{"embeddable":true,"href":"https:\/\/www.monzalecco.lombardia.cisl.it\/index.php?rest_route=\/wp\/v2\/users\/5"}],"replies":[{"embeddable":true,"href":"https:\/\/www.monzalecco.lombardia.cisl.it\/index.php?rest_route=%2Fwp%2Fv2%2Fcomments&post=11182"}],"version-history":[{"count":1,"href":"https:\/\/www.monzalecco.lombardia.cisl.it\/index.php?rest_route=\/wp\/v2\/posts\/11182\/revisions"}],"predecessor-version":[{"id":11184,"href":"https:\/\/www.monzalecco.lombardia.cisl.it\/index.php?rest_route=\/wp\/v2\/posts\/11182\/revisions\/11184"}],"wp:featuredmedia":[{"embeddable":true,"href":"https:\/\/www.monzalecco.lombardia.cisl.it\/index.php?rest_route=\/wp\/v2\/media\/11183"}],"wp:attachment":[{"href":"https:\/\/www.monzalecco.lombardia.cisl.it\/index.php?rest_route=%2Fwp%2Fv2%2Fmedia&parent=11182"}],"wp:term":[{"taxonomy":"category","embeddable":true,"href":"https:\/\/www.monzalecco.lombardia.cisl.it\/index.php?rest_route=%2Fwp%2Fv2%2Fcategories&post=11182"},{"taxonomy":"post_tag","embeddable":true,"href":"https:\/\/www.monzalecco.lombardia.cisl.it\/index.php?rest_route=%2Fwp%2Fv2%2Ftags&post=11182"}],"curies":[{"name":"wp","href":"https:\/\/api.w.org\/{rel}","templated":true}]}}