{"id":11250,"date":"2021-11-17T16:40:33","date_gmt":"2021-11-17T15:40:33","guid":{"rendered":"https:\/\/www.monzalecco.lombardia.cisl.it\/?p=11250"},"modified":"2021-11-17T16:57:04","modified_gmt":"2021-11-17T15:57:04","slug":"carrefour-taglia-765-dipendenti","status":"publish","type":"post","link":"https:\/\/www.monzalecco.lombardia.cisl.it\/?p=11250","title":{"rendered":"\u00abCarrefour taglia 35 posti in Brianza\u00bb"},"content":{"rendered":"<p>Carrefour ha aperto ieri la procedura di licenziamento per 765 dipendenti in 94 punti vendita su tutto il territorio nazionale. Tra questi anche 35 lavoratori negli ipermercati di Giussano e Limbiate e dei supermercati di Monza (via Boito) e Bovisio. \u00abSono 35 sui 440 occupati in Brianza \u2013 spiega Francesco Barazzetta, segretario generale Fisascat Cisl Mbl -. Un duro impatto sull\u2019organico anche se la direzione ha annunciato che proceder\u00e0 a esodi incentivati\u00bb.<\/p>\n<p>L\u2019annuncio degli esuberi \u00e8 parallelo a quello della cessione da parte di Carrefour di 106 negozi (24 market e 82 express). Non si conosce il numero di quanti ne saranno ceduti in Brianza e nel Lecchese. Al momento \u00e8 stato comunicato al sindacato che ne saranno venduti o dati in affitto 41 in tutta la Lombardia.<\/p>\n<p>\u00abIn questo contesto \u2013 osserva Barazzetta -, i lavoratori sono molto preoccupati. Quanti dipendenti accetteranno l\u2019esodo volontario? Quali punti vendita saranno ceduti? Negli incontri a livello nazionale e territoriale chiederemo alla dirigenza di presentarci un piano di rilancio dell\u2019azienda. Questo \u00e8 il quarto piano di tagli del personale negli ultimi dieci anni. Carrefour non pu\u00f2 andare avanti ridimensionando gli organici senza un programma che fissi le linee di una ripresa della societ\u00e0\u00bb.<\/p>\n<p><em>(Enrico Casale)<\/em><\/p>\n","protected":false},"excerpt":{"rendered":"<p>Carrefour ha aperto ieri la procedura di licenziamento per 765 dipendenti in 94 punti vendita su tutto il territorio nazionale. Tra questi anche 35 lavoratori negli ipermercati di Giussano e Limbiate e dei supermercati di Monza (via Boito) e Bovisio. \u00abSono 35 sui 440 occupati in Brianza \u2013 spiega Francesco Barazzetta, segretario generale Fisascat Cisl [&hellip;]<\/p>\n","protected":false},"author":5,"featured_media":3757,"comment_status":"closed","ping_status":"open","sticky":false,"template":"","format":"standard","meta":{"footnotes":""},"categories":[1],"tags":[210,223,101],"class_list":{"0":"post-11250","1":"post","2":"type-post","3":"status-publish","4":"format-standard","5":"has-post-thumbnail","7":"category-notizie","8":"tag-carrefour","9":"tag-commercio","10":"tag-fisascat","11":"czr-hentry"},"_links":{"self":[{"href":"https:\/\/www.monzalecco.lombardia.cisl.it\/index.php?rest_route=\/wp\/v2\/posts\/11250","targetHints":{"allow":["GET"]}}],"collection":[{"href":"https:\/\/www.monzalecco.lombardia.cisl.it\/index.php?rest_route=\/wp\/v2\/posts"}],"about":[{"href":"https:\/\/www.monzalecco.lombardia.cisl.it\/index.php?rest_route=\/wp\/v2\/types\/post"}],"author":[{"embeddable":true,"href":"https:\/\/www.monzalecco.lombardia.cisl.it\/index.php?rest_route=\/wp\/v2\/users\/5"}],"replies":[{"embeddable":true,"href":"https:\/\/www.monzalecco.lombardia.cisl.it\/index.php?rest_route=%2Fwp%2Fv2%2Fcomments&post=11250"}],"version-history":[{"count":7,"href":"https:\/\/www.monzalecco.lombardia.cisl.it\/index.php?rest_route=\/wp\/v2\/posts\/11250\/revisions"}],"predecessor-version":[{"id":11257,"href":"https:\/\/www.monzalecco.lombardia.cisl.it\/index.php?rest_route=\/wp\/v2\/posts\/11250\/revisions\/11257"}],"wp:featuredmedia":[{"embeddable":true,"href":"https:\/\/www.monzalecco.lombardia.cisl.it\/index.php?rest_route=\/wp\/v2\/media\/3757"}],"wp:attachment":[{"href":"https:\/\/www.monzalecco.lombardia.cisl.it\/index.php?rest_route=%2Fwp%2Fv2%2Fmedia&parent=11250"}],"wp:term":[{"taxonomy":"category","embeddable":true,"href":"https:\/\/www.monzalecco.lombardia.cisl.it\/index.php?rest_route=%2Fwp%2Fv2%2Fcategories&post=11250"},{"taxonomy":"post_tag","embeddable":true,"href":"https:\/\/www.monzalecco.lombardia.cisl.it\/index.php?rest_route=%2Fwp%2Fv2%2Ftags&post=11250"}],"curies":[{"name":"wp","href":"https:\/\/api.w.org\/{rel}","templated":true}]}}