{"id":11260,"date":"2021-11-17T17:26:17","date_gmt":"2021-11-17T16:26:17","guid":{"rendered":"https:\/\/www.monzalecco.lombardia.cisl.it\/?p=11260"},"modified":"2021-11-17T17:26:17","modified_gmt":"2021-11-17T16:26:17","slug":"forma-si-racconta-in-un-sito","status":"publish","type":"post","link":"https:\/\/www.monzalecco.lombardia.cisl.it\/?p=11260","title":{"rendered":"Forma si racconta in un sito"},"content":{"rendered":"<p>\u00c8 online il sito del progetto Forma (Formazione Opportunit\u00e0 e Risorse per Migranti in Agricoltura) che vede tra i partner Anolf Lecco. Lo si pu\u00f2 visitare cliccando qui: <a href=\"http:\/\/www.famiforma.it\">www.famiforma.it<\/a><\/p>\n<p>Forma, coordinato dal Consorzio Kairos e finanziato dal Fondo Asilo, Migrazione e Integrazione 2014-2020, \u00e8 nato con l&#8217;obiettivo di promuovere l\u2019emersione delle condizioni irregolari di lavoro di cui sono vittime reali o potenziali i lavoratori stranieri regolarmente presenti sul territorio e impiegati nel lavoro agricolo. Allo stesso tempo propone alle imprese agricole di considerare l&#8217;attenzione per il lavoro etico come un&#8217;occasione utile e concreta di crescita per la propria azienda.<\/p>\n<p>Sul sito, oltre alle informazioni sulle azioni di progetto e sul partenariato, verranno raccolte tutte le iniziative online e offline in partenza questo mese, fino a primavera. Seminari universitari, incontri culturali, partecipazioni ai mercati locali, tavole rotonde saranno disseminati periodicamente nelle 5 regioni interessate dalle attivit\u00e0.<\/p>\n","protected":false},"excerpt":{"rendered":"<p>\u00c8 online il sito del progetto Forma (Formazione Opportunit\u00e0 e Risorse per Migranti in Agricoltura) che vede tra i partner Anolf Lecco. Lo si pu\u00f2 visitare cliccando qui: www.famiforma.it Forma, coordinato dal Consorzio Kairos e finanziato dal Fondo Asilo, Migrazione e Integrazione 2014-2020, \u00e8 nato con l&#8217;obiettivo di promuovere l\u2019emersione delle condizioni irregolari di lavoro [&hellip;]<\/p>\n","protected":false},"author":5,"featured_media":10121,"comment_status":"closed","ping_status":"open","sticky":false,"template":"","format":"standard","meta":{"footnotes":""},"categories":[1],"tags":[666,720],"class_list":{"0":"post-11260","1":"post","2":"type-post","3":"status-publish","4":"format-standard","5":"has-post-thumbnail","7":"category-notizie","8":"tag-agricoltura","9":"tag-forma","10":"czr-hentry"},"_links":{"self":[{"href":"https:\/\/www.monzalecco.lombardia.cisl.it\/index.php?rest_route=\/wp\/v2\/posts\/11260","targetHints":{"allow":["GET"]}}],"collection":[{"href":"https:\/\/www.monzalecco.lombardia.cisl.it\/index.php?rest_route=\/wp\/v2\/posts"}],"about":[{"href":"https:\/\/www.monzalecco.lombardia.cisl.it\/index.php?rest_route=\/wp\/v2\/types\/post"}],"author":[{"embeddable":true,"href":"https:\/\/www.monzalecco.lombardia.cisl.it\/index.php?rest_route=\/wp\/v2\/users\/5"}],"replies":[{"embeddable":true,"href":"https:\/\/www.monzalecco.lombardia.cisl.it\/index.php?rest_route=%2Fwp%2Fv2%2Fcomments&post=11260"}],"version-history":[{"count":1,"href":"https:\/\/www.monzalecco.lombardia.cisl.it\/index.php?rest_route=\/wp\/v2\/posts\/11260\/revisions"}],"predecessor-version":[{"id":11261,"href":"https:\/\/www.monzalecco.lombardia.cisl.it\/index.php?rest_route=\/wp\/v2\/posts\/11260\/revisions\/11261"}],"wp:featuredmedia":[{"embeddable":true,"href":"https:\/\/www.monzalecco.lombardia.cisl.it\/index.php?rest_route=\/wp\/v2\/media\/10121"}],"wp:attachment":[{"href":"https:\/\/www.monzalecco.lombardia.cisl.it\/index.php?rest_route=%2Fwp%2Fv2%2Fmedia&parent=11260"}],"wp:term":[{"taxonomy":"category","embeddable":true,"href":"https:\/\/www.monzalecco.lombardia.cisl.it\/index.php?rest_route=%2Fwp%2Fv2%2Fcategories&post=11260"},{"taxonomy":"post_tag","embeddable":true,"href":"https:\/\/www.monzalecco.lombardia.cisl.it\/index.php?rest_route=%2Fwp%2Fv2%2Ftags&post=11260"}],"curies":[{"name":"wp","href":"https:\/\/api.w.org\/{rel}","templated":true}]}}