{"id":11267,"date":"2021-11-17T19:31:15","date_gmt":"2021-11-17T18:31:15","guid":{"rendered":"https:\/\/www.monzalecco.lombardia.cisl.it\/?p=11267"},"modified":"2021-11-19T15:25:27","modified_gmt":"2021-11-19T14:25:27","slug":"manovra-manifestazione-regionale","status":"publish","type":"post","link":"https:\/\/www.monzalecco.lombardia.cisl.it\/?p=11267","title":{"rendered":"Manovra, manifestazione regionale"},"content":{"rendered":"<p>\u00abUna manovra inadeguata!\u00bb \u00e8 lo slogan della manifestazione regionale unitaria organizzata da Cgil, Cisl e Uil Lombardia nell\u2019ambito del percorso di mobilitazione nazionale per modificare le misure previste nella bozza della manovra finanziaria.<\/p>\n<p><strong>L\u2019appuntamento \u00e8 per\u00a0sabato 27 novembre dalle 9.30 alle 12.30 presso l\u2019Arco della Pace, a Milano.<\/strong><\/p>\n<p>Una nutrita delegazione di lavoratrici e lavoratori, di pensionate e pensionati di Cgil, Cisl e Uil di Monza Brianza e Lecco scenderanno in piazza insieme ai rappresentanti di tutte le province lombarde per sostenere le proposte e le piattaforme sindacali presentate al Governo in questi mesi.<\/p>\n<p>Le organizzazioni sindacali tornano, dunque, a ribadire le priorit\u00e0 da affrontare: lavoro, occupazione, lotta alla precariet\u00e0, protezioni sociali, non autosufficienza, fisco, pensioni e investimenti.<\/p>\n<p>La manifestazione \u00e8 il primo momento di un percorso di mobilitazione pi\u00f9 ampio, annunciato dalle segreterie confederali il 30 ottobre scorso, accompagnato da assemblee unitarie nei posti di lavoro.<\/p>\n<p>\u00abAncora una volta Cgil Cisl e Uil sono chiamate ad esercitare il ruolo di garanti dei diritti fondamentali dei cittadini. Facciamo sentire la nostra voce su fisco, lavoro, sviluppo e sociale perch\u00e9 la legge di Bilancio dia risposte concrete e sufficienti a contrastare le disuguaglianze sociali che stanno acuendosi nel nostro Paese\u00bb, dichiarano all\u2019unisono i dirigenti sindacali.<\/p>\n<p>I temi del confronto sono molteplici. \u00abSulla previdenza \u2013 spiegano \u2013 diciamo no a quota 102, vogliamo misure di flessibilit\u00e0 in uscita dal mercato del lavoro a partire dai 62 anni di et\u00e0 o 41 anni di contributi a prescindere dall\u2019et\u00e0. Chiediamo una pensione di garanzia per i giovani e le donne, pi\u00f9 sostegno ai lavoratori disoccupati, discontinui e precoci e forti incentivi per la previdenza complementare. \u00c8 necessario migliorare Opzione donna e rafforzare l\u2019Ape sociale estendendo, al contempo, la platea dei lavori gravosi e usuranti\u00bb.<\/p>\n<p>Al capitolo \u00abfisco\u00bb i sindacati chiedono di \u00abincrementare le risorse da destinare alla riduzione delle tasse a lavoratori e pensionati per rilanciare il potere di acquisto di salari e pensioni. Contrastare lavoro nero, evasione ed elusione fiscale. Basta incentivi a pioggia alle imprese\u00bb.<\/p>\n<p>La ricetta di Cgil, Cisl e Uil sul lavoro, invece, prevede \u00abinvestimenti per creare buona occupazione, ammortizzatori sociali universali e politiche attive. Contrastare la precariet\u00e0, stabilizzare il lavoro e rilanciare le assunzioni nei settori pubblici, a partire da sanit\u00e0 e scuola\u00bb.<\/p>\n<p>\u00ab\u00c8 indispensabile \u2013 aggiungono \u2013 rafforzare le politiche industriali, sbloccare gli investimenti in ricerca, innovazione e formazione, affrontare le sfide della transizione ambientale e digitale e risolvere le tante crisi aziendali ferme da troppo tempo al Mise\u00bb.<\/p>\n<p>\u00abVogliamo pi\u00f9 risorse e l\u2019introduzione dei livelli essenziali in vista della legge sulla non autosufficienza \u2013 insistono unitariamente \u2013. Dobbiamo contrastare la povert\u00e0, migliorando il reddito di cittadinanza e potenziando le politiche di inclusione\u00bb.<\/p>\n<p>\u00abApprezzabili \u2013 concludono i sindacati confederali \u2013 le aperture del Governo nell\u2019incontro di marted\u00ec 16 novembre, ma rimaniamo comunque in attesa di risposte chiare ed efficaci. Queste le ragioni della nostra mobilitazione\u00bb.<\/p>\n<p><a href=\"https:\/\/www.monzalecco.lombardia.cisl.it\/wp-content\/uploads\/2021\/11\/Volantino_27Novembre_Milano.pdf\">Il volantino<\/a><\/p>\n","protected":false},"excerpt":{"rendered":"<p>\u00abUna manovra inadeguata!\u00bb \u00e8 lo slogan della manifestazione regionale unitaria organizzata da Cgil, Cisl e Uil Lombardia nell\u2019ambito del percorso di mobilitazione nazionale per modificare le misure previste nella bozza della manovra finanziaria. L\u2019appuntamento \u00e8 per\u00a0sabato 27 novembre dalle 9.30 alle 12.30 presso l\u2019Arco della Pace, a Milano. Una nutrita delegazione di lavoratrici e lavoratori, [&hellip;]<\/p>\n","protected":false},"author":5,"featured_media":3640,"comment_status":"closed","ping_status":"open","sticky":false,"template":"","format":"standard","meta":{"footnotes":""},"categories":[1],"tags":[149,31,100,721,150],"class_list":{"0":"post-11267","1":"post","2":"type-post","3":"status-publish","4":"format-standard","5":"has-post-thumbnail","7":"category-notizie","8":"tag-cgil","9":"tag-cisl","10":"tag-lombardia","11":"tag-manovra-finaziaria","12":"tag-uil","13":"czr-hentry"},"_links":{"self":[{"href":"https:\/\/www.monzalecco.lombardia.cisl.it\/index.php?rest_route=\/wp\/v2\/posts\/11267","targetHints":{"allow":["GET"]}}],"collection":[{"href":"https:\/\/www.monzalecco.lombardia.cisl.it\/index.php?rest_route=\/wp\/v2\/posts"}],"about":[{"href":"https:\/\/www.monzalecco.lombardia.cisl.it\/index.php?rest_route=\/wp\/v2\/types\/post"}],"author":[{"embeddable":true,"href":"https:\/\/www.monzalecco.lombardia.cisl.it\/index.php?rest_route=\/wp\/v2\/users\/5"}],"replies":[{"embeddable":true,"href":"https:\/\/www.monzalecco.lombardia.cisl.it\/index.php?rest_route=%2Fwp%2Fv2%2Fcomments&post=11267"}],"version-history":[{"count":5,"href":"https:\/\/www.monzalecco.lombardia.cisl.it\/index.php?rest_route=\/wp\/v2\/posts\/11267\/revisions"}],"predecessor-version":[{"id":11280,"href":"https:\/\/www.monzalecco.lombardia.cisl.it\/index.php?rest_route=\/wp\/v2\/posts\/11267\/revisions\/11280"}],"wp:featuredmedia":[{"embeddable":true,"href":"https:\/\/www.monzalecco.lombardia.cisl.it\/index.php?rest_route=\/wp\/v2\/media\/3640"}],"wp:attachment":[{"href":"https:\/\/www.monzalecco.lombardia.cisl.it\/index.php?rest_route=%2Fwp%2Fv2%2Fmedia&parent=11267"}],"wp:term":[{"taxonomy":"category","embeddable":true,"href":"https:\/\/www.monzalecco.lombardia.cisl.it\/index.php?rest_route=%2Fwp%2Fv2%2Fcategories&post=11267"},{"taxonomy":"post_tag","embeddable":true,"href":"https:\/\/www.monzalecco.lombardia.cisl.it\/index.php?rest_route=%2Fwp%2Fv2%2Ftags&post=11267"}],"curies":[{"name":"wp","href":"https:\/\/api.w.org\/{rel}","templated":true}]}}