{"id":11272,"date":"2021-11-18T17:35:40","date_gmt":"2021-11-18T16:35:40","guid":{"rendered":"https:\/\/www.monzalecco.lombardia.cisl.it\/?p=11272"},"modified":"2021-11-18T17:35:40","modified_gmt":"2021-11-18T16:35:40","slug":"a-cesano-unaltra-morte-bianca","status":"publish","type":"post","link":"https:\/\/www.monzalecco.lombardia.cisl.it\/?p=11272","title":{"rendered":"A Cesano un&#8217;altra morte bianca"},"content":{"rendered":"<p>In Lombardia si continua a morire di lavoro. Questa mattina un autista \u00e8 morto, schiacciato da un carico che aveva trasportato con il suo mezzo. L\u2019incidente mortale \u00e8 avvenuto in un\u2019azienda di Cesano Maderno che si occupa della importazione e commercializzazione di prodotti chimici. L&#8217;uomo 50enne, rende noto l&#8217;Agenzia Regionale Emergenza Urgenza (Areu), \u00e8 morto schiacciato dal carico pesante circa tre quintali. Sul posto, scattato l&#8217;allarme, sono intervenuti automedica, ambulanza del 118 e Vigili urbani, ma non c&#8217;\u00e8 stato nulla da fare. Il camionista \u00e8 stato trovato in arresto cardio circolatorio con lesioni gravissime. La dinamica dell&#8217;incidente \u00e8 al vaglio delle Forze dell&#8217;ordine.<\/p>\n<p>In Lombardia, se si considerano anche gli infortuni in itinere (cio\u00e8 verificatisi nel tragitto casa-lavoro e viceversa), la media di infortuni mensili tocca quota 8.300. Nei primi sei mesi di quest\u2019anno, nella nostra Regione, gli infortuni mortali sono stati complessivamente 72. Nella provincia di Monza e Brianza gli infortuni denunciati all\u2019Inail sono in aumento: nei primi sei mesi del 2020 erano stati 4. 208, quest\u2019anno sono stati 4.392. L\u2019incremento \u00e8 stato di 184 incidenti.<\/p>\n<p>\u00abAl tavolo delle trattative \u2013 spiega Luigi Caputo, segretario generale Fit Cisl Monza Brianza Lecco, la struttura che segue la logistica e i trasporti &#8211; quasi sempre si \u00e8 tutti d\u2019accordo in tema di sicurezza. Poi, dal punto di vista operativo, la situazione \u00e8 diversa. C\u2019\u00e8 il rischio che siano poche le imprese che rispettano integralmente le norme antinfortunistiche. E non \u00e8 semplice individuare chi invece le elude. In tempi di crisi, oltretutto, diventa pi\u00f9 facile risparmiare tagliando proprio sulle misure di sicurezza\u00bb.<\/p>\n","protected":false},"excerpt":{"rendered":"<p>In Lombardia si continua a morire di lavoro. Questa mattina un autista \u00e8 morto, schiacciato da un carico che aveva trasportato con il suo mezzo. L\u2019incidente mortale \u00e8 avvenuto in un\u2019azienda di Cesano Maderno che si occupa della importazione e commercializzazione di prodotti chimici. L&#8217;uomo 50enne, rende noto l&#8217;Agenzia Regionale Emergenza Urgenza (Areu), \u00e8 morto [&hellip;]<\/p>\n","protected":false},"author":5,"featured_media":11273,"comment_status":"closed","ping_status":"open","sticky":false,"template":"","format":"standard","meta":{"footnotes":""},"categories":[1],"tags":[46,77,356],"class_list":{"0":"post-11272","1":"post","2":"type-post","3":"status-publish","4":"format-standard","5":"has-post-thumbnail","7":"category-notizie","8":"tag-cesano-maderno","9":"tag-fit","10":"tag-morte-sul-lavoro","11":"czr-hentry"},"_links":{"self":[{"href":"https:\/\/www.monzalecco.lombardia.cisl.it\/index.php?rest_route=\/wp\/v2\/posts\/11272","targetHints":{"allow":["GET"]}}],"collection":[{"href":"https:\/\/www.monzalecco.lombardia.cisl.it\/index.php?rest_route=\/wp\/v2\/posts"}],"about":[{"href":"https:\/\/www.monzalecco.lombardia.cisl.it\/index.php?rest_route=\/wp\/v2\/types\/post"}],"author":[{"embeddable":true,"href":"https:\/\/www.monzalecco.lombardia.cisl.it\/index.php?rest_route=\/wp\/v2\/users\/5"}],"replies":[{"embeddable":true,"href":"https:\/\/www.monzalecco.lombardia.cisl.it\/index.php?rest_route=%2Fwp%2Fv2%2Fcomments&post=11272"}],"version-history":[{"count":1,"href":"https:\/\/www.monzalecco.lombardia.cisl.it\/index.php?rest_route=\/wp\/v2\/posts\/11272\/revisions"}],"predecessor-version":[{"id":11274,"href":"https:\/\/www.monzalecco.lombardia.cisl.it\/index.php?rest_route=\/wp\/v2\/posts\/11272\/revisions\/11274"}],"wp:featuredmedia":[{"embeddable":true,"href":"https:\/\/www.monzalecco.lombardia.cisl.it\/index.php?rest_route=\/wp\/v2\/media\/11273"}],"wp:attachment":[{"href":"https:\/\/www.monzalecco.lombardia.cisl.it\/index.php?rest_route=%2Fwp%2Fv2%2Fmedia&parent=11272"}],"wp:term":[{"taxonomy":"category","embeddable":true,"href":"https:\/\/www.monzalecco.lombardia.cisl.it\/index.php?rest_route=%2Fwp%2Fv2%2Fcategories&post=11272"},{"taxonomy":"post_tag","embeddable":true,"href":"https:\/\/www.monzalecco.lombardia.cisl.it\/index.php?rest_route=%2Fwp%2Fv2%2Ftags&post=11272"}],"curies":[{"name":"wp","href":"https:\/\/api.w.org\/{rel}","templated":true}]}}