{"id":11557,"date":"2022-01-12T16:50:34","date_gmt":"2022-01-12T15:50:34","guid":{"rendered":"https:\/\/www.monzalecco.lombardia.cisl.it\/?p=11557"},"modified":"2022-01-19T19:12:28","modified_gmt":"2022-01-19T18:12:28","slug":"carrefour-accordo-su-riorganizzazione","status":"publish","type":"post","link":"https:\/\/www.monzalecco.lombardia.cisl.it\/?p=11557","title":{"rendered":"Carrefour, accordo su organizzazione"},"content":{"rendered":"<p>Carrefour si riorganizza. Una fase di trasformazione che sar\u00e0 gestita da un&#8217;intesa firmata ieri dalle organizzazioni sindacali (Filcams Cgil, Fisascat Cisl e Uiltucs) e dai responsabili del gruppo transalpino. Si tratta di un accordo complesso che riguarda tutti i 350 punti vendita in Italia (27 tra Brianza e Lecchese per 400 dipendenti complessivi nei due territori) e che migliora la gestione dei negozi in franchising. \u00abL&#8217;accordo &#8211; spiega Francesco Barazzetta, segretario generale Fisascat Cisl Monza Brianza Lecco &#8211; \u00e8 uno strumento negoziale fondamentale perch\u00e9 ci permette di gestire una riorganizzazione aziendale di grande importanza perch\u00e9 riguarda un terzo dell&#8217;azienda\u00bb.<\/p>\n<p>L&#8217;intesa riguarda anzitutto gli esuberi. Grazie alla trattativa, il loro numero \u00e8 stato portato a 719 dai 769 inizialmente chiesti dalla societ\u00e0. \u00abL&#8217;uscita &#8211; continua Barazzetta &#8211; sar\u00e0 gestita unicamente con il criterio della non opposizione e della volontariet\u00e0 a fronte di un incentivo all\u2019esodo\u00bb.<\/p>\n<p>All&#8217;interno della riorganizzazione \u00e8 prevista anche la possibilit\u00e0 di ricollocare i lavoratori all&#8217;interno della rete commerciale. \u00abAnche in questo caso \u2013 sottolinea Barazzetta \u2013 \u00e8 stato previsto il criterio della volontariet\u00e0 e, comunque, sar\u00e0 sempre necessario il coinvolgimento delle organizzazioni sindacali. .L\u2019intesa prevede poi percorsi di riqualificazione interna del personale o di ricollocazione presso terzi\u00bb.<\/p>\n<p>Innovativo l\u2019approccio sul tema del franchising in vista della cessione di 106 negozi della rete vendita a terzi operatori commerciali nel 2022. L\u2019accordo, il primo siglato nel settore della distribuzione commerciale, impegna Carrefour a vincolare nei contratti stipulati all\u2019applicazione dei contratti nazionali sottoscritti da Filcams Cgil, Fisascat Cisl e Uiltucs, al rispetto delle normative su salute e sicurezza e a prendere i provvedimenti necessari per evitare qualsiasi forma di corruzione. Nel caso in cui vengano ceduti o affittati a terzi operatori punti vendita a gestione diretta, continuer\u00e0 a essere applicata la contrattazione integrativa aziendale e saranno riconosciute in continuit\u00e0 la rappresentanza e le agibilit\u00e0 sindacali. Sono previsti inoltre dei momenti di monitoraggio per l\u2019andamento della rete franchising, informazioni preventive all\u2019apertura di procedure di cessione di rami e la responsabilizzazione di Carrefour qualora le organizzazioni sindacali denuncino il mancato rispetto delle normative da parte del franchisee. L\u2019impresa si \u00e8 inoltre impegnata a non prevedere ulteriori affidamenti di attivit\u00e0 a terzi.<\/p>\n<p>\u00abQuesto accordo \u2013 conclude Barazzetta &#8211; \u00e8 un passo importante perch\u00e9 segna il ripristino delle relazioni sindacali e l\u2019avvio di una nuova fase di gestione del rilancio della multinazionale in Italia\u00bb.<\/p>\n","protected":false},"excerpt":{"rendered":"<p>Carrefour si riorganizza. Una fase di trasformazione che sar\u00e0 gestita da un&#8217;intesa firmata ieri dalle organizzazioni sindacali (Filcams Cgil, Fisascat Cisl e Uiltucs) e dai responsabili del gruppo transalpino. Si tratta di un accordo complesso che riguarda tutti i 350 punti vendita in Italia (27 tra Brianza e Lecchese per 400 dipendenti complessivi nei due [&hellip;]<\/p>\n","protected":false},"author":5,"featured_media":3757,"comment_status":"closed","ping_status":"open","sticky":false,"template":"","format":"standard","meta":{"footnotes":""},"categories":[1],"tags":[210,101],"class_list":{"0":"post-11557","1":"post","2":"type-post","3":"status-publish","4":"format-standard","5":"has-post-thumbnail","7":"category-notizie","8":"tag-carrefour","9":"tag-fisascat","10":"czr-hentry"},"_links":{"self":[{"href":"https:\/\/www.monzalecco.lombardia.cisl.it\/index.php?rest_route=\/wp\/v2\/posts\/11557","targetHints":{"allow":["GET"]}}],"collection":[{"href":"https:\/\/www.monzalecco.lombardia.cisl.it\/index.php?rest_route=\/wp\/v2\/posts"}],"about":[{"href":"https:\/\/www.monzalecco.lombardia.cisl.it\/index.php?rest_route=\/wp\/v2\/types\/post"}],"author":[{"embeddable":true,"href":"https:\/\/www.monzalecco.lombardia.cisl.it\/index.php?rest_route=\/wp\/v2\/users\/5"}],"replies":[{"embeddable":true,"href":"https:\/\/www.monzalecco.lombardia.cisl.it\/index.php?rest_route=%2Fwp%2Fv2%2Fcomments&post=11557"}],"version-history":[{"count":2,"href":"https:\/\/www.monzalecco.lombardia.cisl.it\/index.php?rest_route=\/wp\/v2\/posts\/11557\/revisions"}],"predecessor-version":[{"id":11575,"href":"https:\/\/www.monzalecco.lombardia.cisl.it\/index.php?rest_route=\/wp\/v2\/posts\/11557\/revisions\/11575"}],"wp:featuredmedia":[{"embeddable":true,"href":"https:\/\/www.monzalecco.lombardia.cisl.it\/index.php?rest_route=\/wp\/v2\/media\/3757"}],"wp:attachment":[{"href":"https:\/\/www.monzalecco.lombardia.cisl.it\/index.php?rest_route=%2Fwp%2Fv2%2Fmedia&parent=11557"}],"wp:term":[{"taxonomy":"category","embeddable":true,"href":"https:\/\/www.monzalecco.lombardia.cisl.it\/index.php?rest_route=%2Fwp%2Fv2%2Fcategories&post=11557"},{"taxonomy":"post_tag","embeddable":true,"href":"https:\/\/www.monzalecco.lombardia.cisl.it\/index.php?rest_route=%2Fwp%2Fv2%2Ftags&post=11557"}],"curies":[{"name":"wp","href":"https:\/\/api.w.org\/{rel}","templated":true}]}}