{"id":11636,"date":"2022-01-27T15:12:33","date_gmt":"2022-01-27T14:12:33","guid":{"rendered":"https:\/\/www.monzalecco.lombardia.cisl.it\/?p=11636"},"modified":"2022-01-27T15:12:33","modified_gmt":"2022-01-27T14:12:33","slug":"a-biassono-per-ricordare-le-vittime-del-nazifascismo","status":"publish","type":"post","link":"https:\/\/www.monzalecco.lombardia.cisl.it\/?p=11636","title":{"rendered":"A Biassono per ricordare le vittime del nazifascismo"},"content":{"rendered":"<p style=\"margin: 0px;line-height: 122%\"><span style=\"font-size: 12.0pt;line-height: 122%;font-family: 'Calibri Light',sans-serif;color: black\">Cgil e Cisl Monza Brianza si sono uniti questa mattina\u00a0all\u2019iniziativa di Anpi provinciale organizzata per sopperire alla decisione del Comune di Biassono di non organizzare eventi per celebrare il Giorno della Memoria. <\/span><\/p>\n<p style=\"margin: 0px;line-height: 122%\"><span style=\"font-size: 12.0pt;line-height: 122%;font-family: 'Calibri Light',sans-serif;color: black\">Una posizione non nuova quella del Comune a guida leghista, che gi\u00e0 da diversi anni giudica non opportuna la celebrazione di questa importante ricorrenza istituita con la legge 211 del\u00a020 luglio 2000.<\/span><\/p>\n<p style=\"margin: 0px;line-height: 122%\"><span style=\"font-size: 12.0pt;line-height: 122%;font-family: 'Calibri Light',sans-serif;color: black\">Come ha ricordato il presidente provinciale di Anpi, Fulvio Franchini, la cronaca ci restituisce ogni giorno episodi di intolleranza e razzismo e \u201claddove le istituzioni democratiche non si impegnano a riportare civilt\u00e0 in questa nostra societ\u00e0, le associazioni come Anpi e le organizzazioni sindacali svolgono un ruolo di supplenza civile\u201d.<\/span><\/p>\n<p style=\"margin: 0px;line-height: 122%\"><span style=\"font-size: 12.0pt;line-height: 122%;font-family: 'Calibri Light',sans-serif;color: black\">Un corteo molto partecipato, guidato da Felice Meregalli della sezione locale di Anpi, ha attraversato le vie del centro cittadino raggiungendo i luoghi simbolo, dove le vittime biassonesi sono nate o hanno vissuto, posando in loro ricordo un fiore e una targa con rappresentata l\u2019immagine della Pietra d\u2019inciampo.<\/span><\/p>\n<p style=\"margin: 0px;line-height: 122%\"><span style=\"font-size: 12.0pt;line-height: 122%;font-family: 'Calibri Light',sans-serif;color: black\">\u201cQui si tratta di garantire la memoria come valore civile, di avere coscienza di quanti hanno combattuto per costruire la Costituzione che oggi ci consente la convivenza civile\u201d, ha dichiarato Mirco Scaccabarozzi, segretario generale della Cisl Brianza, che ha aggiunto: \u201cA quanti chiedono di omologare le ragioni di chi \u00e8 morto a sostegno della Repubblica di Sal\u00f2 e di chi \u00e8 morto per la Resistenza diciamo no. Perch\u00e9 le ragioni degli uni sono le ragioni dell\u2019incivilt\u00e0. Di contro, le ragioni degli altri hanno consentito la costruzione di quel tessuto democratico che qui si sta manifestando. Sostenere il fascismo non \u00e8 un\u2019opinione, sostenere il fascismo \u00e8 un reato e di questo dobbiamo avere la massima contezza.\u201d<\/span><\/p>\n<p style=\"margin: 0px;line-height: 122%\"><span style=\"font-size: 12.0pt;line-height: 122%;font-family: 'Calibri Light',sans-serif;color: black\">\u201cIn questa Giornata della Memoria, come organizzazioni sindacali partecipiamo all\u2019iniziativa di Anpi per rafforzare il ricordo delle tante lavoratrici e dei tanti lavoratori che contribuirono, anche a costo della loro stessa vita, a liberare il nostro Paese dalla schiavit\u00f9 del nazifascismo\u201d, aggiunge Matteo Casiraghi della segreteria della Cgil di Monza e Brianza. \u201cQueste gravi \u2018dimenticanze\u2019 da parte delle istituzioni non sono accettabili, ma la partecipazione di tanti biassonesi a questo importante appuntamento testimonia come l\u2019antifascismo sia oggi pi\u00f9 che mai attuale e sia prezioso il lavoro di associazioni, come Anpi, che ne custodiscono il valore\u201d.<\/span><\/p>\n","protected":false},"excerpt":{"rendered":"<p>Cgil e Cisl Monza Brianza si sono uniti questa mattina\u00a0all\u2019iniziativa di Anpi provinciale organizzata per sopperire alla decisione del Comune di Biassono di non organizzare eventi per celebrare il Giorno della Memoria. Una posizione non nuova quella del Comune a guida leghista, che gi\u00e0 da diversi anni giudica non opportuna la celebrazione di questa importante [&hellip;]<\/p>\n","protected":false},"author":5,"featured_media":11638,"comment_status":"closed","ping_status":"open","sticky":false,"template":"","format":"standard","meta":{"footnotes":""},"categories":[1],"tags":[618,775,774,254],"class_list":{"0":"post-11636","1":"post","2":"type-post","3":"status-publish","4":"format-standard","5":"has-post-thumbnail","7":"category-notizie","8":"tag-27-gennaio","9":"tag-comitato-pietre-dinciampo","10":"tag-nazifascismo","11":"tag-shoah","12":"czr-hentry"},"_links":{"self":[{"href":"https:\/\/www.monzalecco.lombardia.cisl.it\/index.php?rest_route=\/wp\/v2\/posts\/11636","targetHints":{"allow":["GET"]}}],"collection":[{"href":"https:\/\/www.monzalecco.lombardia.cisl.it\/index.php?rest_route=\/wp\/v2\/posts"}],"about":[{"href":"https:\/\/www.monzalecco.lombardia.cisl.it\/index.php?rest_route=\/wp\/v2\/types\/post"}],"author":[{"embeddable":true,"href":"https:\/\/www.monzalecco.lombardia.cisl.it\/index.php?rest_route=\/wp\/v2\/users\/5"}],"replies":[{"embeddable":true,"href":"https:\/\/www.monzalecco.lombardia.cisl.it\/index.php?rest_route=%2Fwp%2Fv2%2Fcomments&post=11636"}],"version-history":[{"count":2,"href":"https:\/\/www.monzalecco.lombardia.cisl.it\/index.php?rest_route=\/wp\/v2\/posts\/11636\/revisions"}],"predecessor-version":[{"id":11640,"href":"https:\/\/www.monzalecco.lombardia.cisl.it\/index.php?rest_route=\/wp\/v2\/posts\/11636\/revisions\/11640"}],"wp:featuredmedia":[{"embeddable":true,"href":"https:\/\/www.monzalecco.lombardia.cisl.it\/index.php?rest_route=\/wp\/v2\/media\/11638"}],"wp:attachment":[{"href":"https:\/\/www.monzalecco.lombardia.cisl.it\/index.php?rest_route=%2Fwp%2Fv2%2Fmedia&parent=11636"}],"wp:term":[{"taxonomy":"category","embeddable":true,"href":"https:\/\/www.monzalecco.lombardia.cisl.it\/index.php?rest_route=%2Fwp%2Fv2%2Fcategories&post=11636"},{"taxonomy":"post_tag","embeddable":true,"href":"https:\/\/www.monzalecco.lombardia.cisl.it\/index.php?rest_route=%2Fwp%2Fv2%2Ftags&post=11636"}],"curies":[{"name":"wp","href":"https:\/\/api.w.org\/{rel}","templated":true}]}}