{"id":11755,"date":"2022-02-21T12:19:46","date_gmt":"2022-02-21T11:19:46","guid":{"rendered":"https:\/\/www.monzalecco.lombardia.cisl.it\/?p=11755"},"modified":"2022-02-22T16:26:46","modified_gmt":"2022-02-22T15:26:46","slug":"fiav-chiude-a-arcore-sciopero","status":"publish","type":"post","link":"https:\/\/www.monzalecco.lombardia.cisl.it\/?p=11755","title":{"rendered":"Fiav chiude a Agrate, sciopero"},"content":{"rendered":"<p>Sciopero di otto ore oggi alla Fiav Mazzacchera di Agrate. L&#8217;astensione dal lavoro, proclamata da Fim Cisl, Fiom Cigl e Sial Cobas, intende contestare la decisione della societ\u00e0 del\u00a0 gruppo Calvi di chiudere l&#8217;impianto e licenziare 46 dipendenti.<\/p>\n<p>Calvi ha acquistato e trasferito da Lambrate la storica azienda Fiav Mazzacchera, nata nel 1913. Per molti anni, si legge in una nota delle organizzazioni sindacali, ha gestito produzioni particolari senza fare investimenti e piani produttivi se non quelli di spostare attivit\u00e0 in altre realt\u00e0 del gruppo senza pensare a produzioni alternative. &#8220;Ora -prosegue la nota &#8211;\u00a0 la direzione trova pi\u00f9 comodo, dopo essere uscita da un percorso finanziario accidentato, chiudere lo stabilimento di Agrate&#8221;.<\/p>\n<p>Lo sciopero \u00e8 stato proclamato a seguito delle assemblee con i lavoratori di venerd\u00ec 18 febbraio.&#8221; I lavoratori hanno giudicato insufficiente la proposta aziendale &#8211; continua il documento -. L\u2019azienda ha ipotizzato un recupero parziale di attivit\u00e0 e della produzione con l\u2019assunzione di 18 lavoratori in Calvi o in alcune societ\u00e0 del gruppo e un incentivo per i restanti lavoratori&#8221;.<\/p>\n<p>Gioved\u00ec 24 febbraio \u00e8 programmato un incontro, in quanto scadono i 45 giorni della procedura per poi aprire il tavolo presso la regione. Nella stessa giornata \u00e8 proclamato un ulteriore sciopero dalle 12 alle 14. &#8220;Le ipotesi sul tavolo &#8211; osserva Gabriele Fiore, Fim Cisl Mbl &#8211; lasciano senza posto di lavoro la maggior parte dei dipendenti e con incentivi insufficienti.\u00a0 Le organizzazioni sindacali e la Rsu chiedono: un numero superiore di ricollocati, un accordo che preveda un impegno alla ricollocazione da parte delle societ\u00e0 del gruppo che duri nel tempo al fine di trovare soluzioni occupazionali per chi avr\u00e0 difficolt\u00e0 a trovare un nuovo posto di lavoro, un incentivo economico superiore a sostegno economico che le famiglie si troveranno con la perdita del posto di lavoro&#8221;.<\/p>\n","protected":false},"excerpt":{"rendered":"<p>Sciopero di otto ore oggi alla Fiav Mazzacchera di Agrate. L&#8217;astensione dal lavoro, proclamata da Fim Cisl, Fiom Cigl e Sial Cobas, intende contestare la decisione della societ\u00e0 del\u00a0 gruppo Calvi di chiudere l&#8217;impianto e licenziare 46 dipendenti. Calvi ha acquistato e trasferito da Lambrate la storica azienda Fiav Mazzacchera, nata nel 1913. Per molti [&hellip;]<\/p>\n","protected":false},"author":5,"featured_media":11756,"comment_status":"closed","ping_status":"open","sticky":false,"template":"","format":"standard","meta":{"footnotes":""},"categories":[1],"tags":[783,27],"class_list":{"0":"post-11755","1":"post","2":"type-post","3":"status-publish","4":"format-standard","5":"has-post-thumbnail","7":"category-notizie","8":"tag-fiav","9":"tag-fim","10":"czr-hentry"},"_links":{"self":[{"href":"https:\/\/www.monzalecco.lombardia.cisl.it\/index.php?rest_route=\/wp\/v2\/posts\/11755","targetHints":{"allow":["GET"]}}],"collection":[{"href":"https:\/\/www.monzalecco.lombardia.cisl.it\/index.php?rest_route=\/wp\/v2\/posts"}],"about":[{"href":"https:\/\/www.monzalecco.lombardia.cisl.it\/index.php?rest_route=\/wp\/v2\/types\/post"}],"author":[{"embeddable":true,"href":"https:\/\/www.monzalecco.lombardia.cisl.it\/index.php?rest_route=\/wp\/v2\/users\/5"}],"replies":[{"embeddable":true,"href":"https:\/\/www.monzalecco.lombardia.cisl.it\/index.php?rest_route=%2Fwp%2Fv2%2Fcomments&post=11755"}],"version-history":[{"count":4,"href":"https:\/\/www.monzalecco.lombardia.cisl.it\/index.php?rest_route=\/wp\/v2\/posts\/11755\/revisions"}],"predecessor-version":[{"id":11767,"href":"https:\/\/www.monzalecco.lombardia.cisl.it\/index.php?rest_route=\/wp\/v2\/posts\/11755\/revisions\/11767"}],"wp:featuredmedia":[{"embeddable":true,"href":"https:\/\/www.monzalecco.lombardia.cisl.it\/index.php?rest_route=\/wp\/v2\/media\/11756"}],"wp:attachment":[{"href":"https:\/\/www.monzalecco.lombardia.cisl.it\/index.php?rest_route=%2Fwp%2Fv2%2Fmedia&parent=11755"}],"wp:term":[{"taxonomy":"category","embeddable":true,"href":"https:\/\/www.monzalecco.lombardia.cisl.it\/index.php?rest_route=%2Fwp%2Fv2%2Fcategories&post=11755"},{"taxonomy":"post_tag","embeddable":true,"href":"https:\/\/www.monzalecco.lombardia.cisl.it\/index.php?rest_route=%2Fwp%2Fv2%2Ftags&post=11755"}],"curies":[{"name":"wp","href":"https:\/\/api.w.org\/{rel}","templated":true}]}}