{"id":11834,"date":"2022-03-09T15:14:09","date_gmt":"2022-03-09T14:14:09","guid":{"rendered":"https:\/\/www.monzalecco.lombardia.cisl.it\/?p=11834"},"modified":"2022-03-09T15:14:09","modified_gmt":"2022-03-09T14:14:09","slug":"ucraina-brianza-pronta-ad-accogliere","status":"publish","type":"post","link":"https:\/\/www.monzalecco.lombardia.cisl.it\/?p=11834","title":{"rendered":"Ucraina, Brianza pronta ad accogliere"},"content":{"rendered":"<p>Le Nazioni Unite stimano in oltre 2 milioni coloro che forzatamente hanno gi\u00e0 lasciato l&#8217;Ucraina, diretti soprattutto verso la Polonia, la Romania e la Moldova. Si stimano fino a 5 milioni le persone che potrebbero chiedere asilo in altri Paesi nelle prossime settimane. Molti in questi giorni hanno gi\u00e0 fatto ingresso in Italia.<\/p>\n<p>&#8220;Per quanto concerne l\u2019accoglienza sul nostro territorio &#8211; dichiarano in un comunicato stampa unitario RTI Bonvena, Brianza Accogliente e Solidale, Cgil, Cisl e Uil Monza Brianza &#8211; \u00e8 gi\u00e0 attiva una rete di soggetti che dall&#8217;emergenza Nord Africa del 2011 ha costruito un sistema di accoglienza diffusa che negli anni \u00e8 stato ampliato grazie alla collaborazione delle istituzioni, degli attori del terzo settore, delle organizzazioni sindacali e di privati cittadini solidali&#8221;.<\/p>\n<p>La Brianza \u00e8 quindi gi\u00e0 pronta a fare la sua parte per accogliere chi fugge dai conflitti, a fornire quanto necessario per ritrovare stabilit\u00e0 (vitto e alloggio) e un minimo di serenit\u00e0 e a garantire percorsi di integrazione. La rete di accoglienza costruita \u00e8 stata il frutto della collaborazione della Brianza solidale che per anni ha attivato percorsi virtuosi nelle comunit\u00e0 e ha difeso i valori dell&#8217;accoglienza diffusa. Un&#8217;accoglienza diffusa che non significa unicamente solo \u201ccasa\u201d, ma che prevede l&#8217;attivazione naturale e solidale delle reti locali delle associazioni, degli enti di formazione, scuole, sindacati, cos\u00ec da favorire un inserimento nel tessuto sociale. Un modello di accoglienza solidale che in questi anni ha garantito a tutti lo stesso trattamento e le stesse chance di integrazione in coerenza ai principi sanciti dalla Carta dei Diritti dell\u2019Uomo e che in questi giorni \u00e8 pronto a riattivarsi per chi ne ha nuovamente bisogno, come sempre \u201csenza distinzione di sesso, di razza, di lingua, di religione, di opinioni politiche, di condizioni personali e sociali\u201d.<\/p>\n<p>&#8220;Quello che ci auspichiamo di poter fare ora \u00e8 di offrire un\u2019accoglienza coordinata e non improvvisata alle persone in arrivo, seguendo le indicazioni che gradualmente gli enti preposti sapranno indicarci e che sono in evoluzione in questi giorni, cos\u00ec da poter garantire opportunit\u00e0 e diritti uguali a tutti coloro che arriveranno con una visione a medio lungo termine dove sar\u00e0 indispensabile unire solidariet\u00e0 e competenza.&#8221;<\/p>\n","protected":false},"excerpt":{"rendered":"<p>Le Nazioni Unite stimano in oltre 2 milioni coloro che forzatamente hanno gi\u00e0 lasciato l&#8217;Ucraina, diretti soprattutto verso la Polonia, la Romania e la Moldova. Si stimano fino a 5 milioni le persone che potrebbero chiedere asilo in altri Paesi nelle prossime settimane. Molti in questi giorni hanno gi\u00e0 fatto ingresso in Italia. &#8220;Per quanto [&hellip;]<\/p>\n","protected":false},"author":5,"featured_media":11838,"comment_status":"closed","ping_status":"open","sticky":false,"template":"","format":"standard","meta":{"footnotes":""},"categories":[1],"tags":[300,792,793,791],"class_list":{"0":"post-11834","1":"post","2":"type-post","3":"status-publish","4":"format-standard","5":"has-post-thumbnail","7":"category-notizie","8":"tag-accoglienza","9":"tag-guerra","10":"tag-profughi","11":"tag-ucraina","12":"czr-hentry"},"_links":{"self":[{"href":"https:\/\/www.monzalecco.lombardia.cisl.it\/index.php?rest_route=\/wp\/v2\/posts\/11834","targetHints":{"allow":["GET"]}}],"collection":[{"href":"https:\/\/www.monzalecco.lombardia.cisl.it\/index.php?rest_route=\/wp\/v2\/posts"}],"about":[{"href":"https:\/\/www.monzalecco.lombardia.cisl.it\/index.php?rest_route=\/wp\/v2\/types\/post"}],"author":[{"embeddable":true,"href":"https:\/\/www.monzalecco.lombardia.cisl.it\/index.php?rest_route=\/wp\/v2\/users\/5"}],"replies":[{"embeddable":true,"href":"https:\/\/www.monzalecco.lombardia.cisl.it\/index.php?rest_route=%2Fwp%2Fv2%2Fcomments&post=11834"}],"version-history":[{"count":2,"href":"https:\/\/www.monzalecco.lombardia.cisl.it\/index.php?rest_route=\/wp\/v2\/posts\/11834\/revisions"}],"predecessor-version":[{"id":11840,"href":"https:\/\/www.monzalecco.lombardia.cisl.it\/index.php?rest_route=\/wp\/v2\/posts\/11834\/revisions\/11840"}],"wp:featuredmedia":[{"embeddable":true,"href":"https:\/\/www.monzalecco.lombardia.cisl.it\/index.php?rest_route=\/wp\/v2\/media\/11838"}],"wp:attachment":[{"href":"https:\/\/www.monzalecco.lombardia.cisl.it\/index.php?rest_route=%2Fwp%2Fv2%2Fmedia&parent=11834"}],"wp:term":[{"taxonomy":"category","embeddable":true,"href":"https:\/\/www.monzalecco.lombardia.cisl.it\/index.php?rest_route=%2Fwp%2Fv2%2Fcategories&post=11834"},{"taxonomy":"post_tag","embeddable":true,"href":"https:\/\/www.monzalecco.lombardia.cisl.it\/index.php?rest_route=%2Fwp%2Fv2%2Ftags&post=11834"}],"curies":[{"name":"wp","href":"https:\/\/api.w.org\/{rel}","templated":true}]}}