{"id":11963,"date":"2022-04-13T16:29:35","date_gmt":"2022-04-13T14:29:35","guid":{"rendered":"https:\/\/www.monzalecco.lombardia.cisl.it\/?p=11963"},"modified":"2022-04-13T17:15:21","modified_gmt":"2022-04-13T15:15:21","slug":"riello-serve-un-confronto","status":"publish","type":"post","link":"https:\/\/www.monzalecco.lombardia.cisl.it\/?p=11963","title":{"rendered":"\u00abRiello, serve un confronto\u00bb"},"content":{"rendered":"<p>Un tavolo di confronto istituzione urgente per discutere con la direzione della Riello il piano di riorganizzazione aziendale territoriale annunciato il 4 aprile. \u00c8 la richiesta avanzata da Fim Cisl, Fiom Cgil e Uilm Uil in una lettera inviata a Mauro Gattinoni, sindaco di Lecco, e ad Alessandra Hoffman, presidente della Provincia di Lecco.<\/p>\n<p>\u00abLa societ\u00e0 ci ha comunicato la propria intenzione trasferire tutte le attivit\u00e0 compresa la Ricerca e sviluppo da Lecco a Villasanta (Mb) entro la fine del 2023 &#8211; \u00e8 scritto nella lettera -. La direzione aziendale ha motivato la decisione che \u00e8 loro intenzione sviluppare un investimento strutturale presso un&#8217;area gi\u00e0 di loro propriet\u00e0, oggi dismessa. L&#8217;investimento di 16 milioni di dollari si pone l&#8217;obiettivo nel breve e medio termine di realizzare ex novo una struttura di circa 6.000 mq in grado di ospitare i lavoratori di ricerca e sviluppo e tutta l&#8217;area amministrativa proveniente da Lecco\u00bb. Secondo la dirigenza, l&#8217;obiettivo \u00e8 realizzare un polo europeo di ricerca per lo sviluppo tecnologico di pompe di calore e delle nuove tecnologie per caldaie residenziali a basso impatto ambientale.<\/p>\n<p>\u00abSottoponiamo alla vostra attenzione questa delicata situazione &#8211; \u00e8 scritto nella nota indirizzata a sindaco e presidente della provincia -. Come pi\u00f9 volte ribadito alla direzione aziendale, riteniamo che l&#8217;attuale sito lecchese abbia tutte le necessarie caratteristiche utili e funzionali per adattare gli attuali laboratori di ricerca e sviluppo dove gi\u00e0 peraltro si realizza parte di questa attivit\u00e0\u00bb. Una sfida che, a parere di Fim, Fiom e Uilm, potrebbe essere proficuamente giocata insieme al polo universitario del Politecnico di Milano.<\/p>\n<p>\u00abIn questo trasferimento verranno coinvolti 150 dipendenti con il rischio di una dispersione di professionalit\u00e0, oltre che una ricaduta socio economica per il territorio lecchese \u2013 conclude Pier Capelli, Fim Cisl Mbl -. Chiediamo pertanto l&#8217;apertura di un tavolo di confronto istituzionale sul piano di riorganizzazione\u00bb.<\/p>\n<p><em>Enrico Casale<\/em><\/p>\n<p>&nbsp;<\/p>\n<p>&nbsp;<\/p>\n<p>&nbsp;<\/p>\n<p>&nbsp;<\/p>\n<p>&nbsp;<\/p>\n<p>&nbsp;<\/p>\n<p>&nbsp;<\/p>\n<p>&nbsp;<\/p>\n<p>&nbsp;<\/p>\n<p>&nbsp;<\/p>\n<p>&nbsp;<\/p>\n<p>&nbsp;<\/p>\n","protected":false},"excerpt":{"rendered":"<p>Un tavolo di confronto istituzione urgente per discutere con la direzione della Riello il piano di riorganizzazione aziendale territoriale annunciato il 4 aprile. \u00c8 la richiesta avanzata da Fim Cisl, Fiom Cgil e Uilm Uil in una lettera inviata a Mauro Gattinoni, sindaco di Lecco, e ad Alessandra Hoffman, presidente della Provincia di Lecco. \u00abLa [&hellip;]<\/p>\n","protected":false},"author":5,"featured_media":11965,"comment_status":"closed","ping_status":"open","sticky":false,"template":"","format":"standard","meta":{"footnotes":""},"categories":[1],"tags":[27,95,822],"class_list":{"0":"post-11963","1":"post","2":"type-post","3":"status-publish","4":"format-standard","5":"has-post-thumbnail","7":"category-notizie","8":"tag-fim","9":"tag-lecco","10":"tag-riello","11":"czr-hentry"},"_links":{"self":[{"href":"https:\/\/www.monzalecco.lombardia.cisl.it\/index.php?rest_route=\/wp\/v2\/posts\/11963","targetHints":{"allow":["GET"]}}],"collection":[{"href":"https:\/\/www.monzalecco.lombardia.cisl.it\/index.php?rest_route=\/wp\/v2\/posts"}],"about":[{"href":"https:\/\/www.monzalecco.lombardia.cisl.it\/index.php?rest_route=\/wp\/v2\/types\/post"}],"author":[{"embeddable":true,"href":"https:\/\/www.monzalecco.lombardia.cisl.it\/index.php?rest_route=\/wp\/v2\/users\/5"}],"replies":[{"embeddable":true,"href":"https:\/\/www.monzalecco.lombardia.cisl.it\/index.php?rest_route=%2Fwp%2Fv2%2Fcomments&post=11963"}],"version-history":[{"count":4,"href":"https:\/\/www.monzalecco.lombardia.cisl.it\/index.php?rest_route=\/wp\/v2\/posts\/11963\/revisions"}],"predecessor-version":[{"id":11969,"href":"https:\/\/www.monzalecco.lombardia.cisl.it\/index.php?rest_route=\/wp\/v2\/posts\/11963\/revisions\/11969"}],"wp:featuredmedia":[{"embeddable":true,"href":"https:\/\/www.monzalecco.lombardia.cisl.it\/index.php?rest_route=\/wp\/v2\/media\/11965"}],"wp:attachment":[{"href":"https:\/\/www.monzalecco.lombardia.cisl.it\/index.php?rest_route=%2Fwp%2Fv2%2Fmedia&parent=11963"}],"wp:term":[{"taxonomy":"category","embeddable":true,"href":"https:\/\/www.monzalecco.lombardia.cisl.it\/index.php?rest_route=%2Fwp%2Fv2%2Fcategories&post=11963"},{"taxonomy":"post_tag","embeddable":true,"href":"https:\/\/www.monzalecco.lombardia.cisl.it\/index.php?rest_route=%2Fwp%2Fv2%2Ftags&post=11963"}],"curies":[{"name":"wp","href":"https:\/\/api.w.org\/{rel}","templated":true}]}}