{"id":12027,"date":"2022-05-01T12:21:22","date_gmt":"2022-05-01T10:21:22","guid":{"rendered":"https:\/\/www.monzalecco.lombardia.cisl.it\/?p=12027"},"modified":"2022-05-01T12:31:15","modified_gmt":"2022-05-01T10:31:15","slug":"1-maggio-cgil-cisl-e-uil-piu-lavoro-di-qualita","status":"publish","type":"post","link":"https:\/\/www.monzalecco.lombardia.cisl.it\/?p=12027","title":{"rendered":"1\u00b0 maggio, Cgil, Cisl e Uil: \u00abPi\u00f9 lavoro di qualit\u00e0\u00bb"},"content":{"rendered":"<p>Un <strong>1\u00b0 Maggio<\/strong> all\u2019insegna della <strong>pace<\/strong>, quello celebrato oggi a Monza da Cgil Cisl Uil territoriali. L\u2019iniziativa si \u00e8 svolta in piazza Roma. La colonna sonora della manifestazione \u00e8 stata assicurato dal gruppo brianzolo Mov.<\/p>\n<p>Ribadita la <strong>condanna dell\u2019aggressione russa<\/strong> ai danni del popolo ucraino, le tre organizzazioni sindacali hanno chiesto il ritorno alla stabilit\u00e0 internazionale. Il discorso ufficiale \u00e8 stato tenuto da Angela Mondellini, segretaria generale Cgil Monza Brianza, a nome delle tre sigle sindacali, rappresentate da Mirco Scaccabarozzi, segretario generale Cisl Monza Brianza Lecco, e Abele Parente, Uil Monza Brianza.<\/p>\n<p>\u00abDopo due anni di pandemia \u2013 ha detto Angela Mondellini \u2013 l\u2019economia del <strong>territorio si stava riprendendo<\/strong>. Ci siano trovati di fronte a questa<strong> guerra<\/strong>, che ha messo in forse il rilancio\u00bb. La responsabile della Cgil brianzola, parlando della crisi ucraina, ha evidenziato l\u2019importanza di un\u2019accoglienza \u00abper tutti\u00bb. \u00abIl 1\u00b0 Maggio \u2013 ha aggiunto \u2013 \u00e8 la Festa dei lavoratori, ma anche di chi ha perso il lavoro e dei pensionati. Di fronte all\u2019aumento del costo della vita, dobbiamo impegnarci per <strong>mantenere intatto il potere di acquisto<\/strong>, attraverso la contrattazione e le <strong>politiche sindacali<\/strong>. La crisi ha aumentato le disuguaglianze: la forbice tra chi sta bene e chi sta male si \u00e8 divaricata. Questa forbice deve essere richiusa\u00bb.<\/p>\n<p>\u00abSul territorio \u2013 ha precisato Mirco Scaccabarozzi \u2013 la situazione stava migliorando, nonostante alcune criticit\u00e0, come la scarsit\u00e0 delle materie prime. Sotto il profilo occupazionale, chiediamo un <strong>lavoro di maggiore qualit\u00e0<\/strong>. Attualmente solo il 32% delle lavoratrici e dei lavoratori ha un contratto a tempo indeterminato. Il <strong>Pnrr<\/strong> pu\u00f2 essere un\u2019occasione per una svolta, ma dobbiamo vigilare affinch\u00e9 gli <strong>interessi delle mafie<\/strong> vengano <strong>neutralizzati<\/strong>\u00bb.<\/p>\n<p><em>Nella foto<\/em>: Mirco Scaccabarozzi, segretario generale Cisl Mbl, Angela Mondellini, segreteria generale <span class=\"nc684nl6\">Cgil Monza e Brianza<\/span>, Abele Parente, segretario generale Uil Brianza<\/p>\n","protected":false},"excerpt":{"rendered":"<p>Un 1\u00b0 Maggio all\u2019insegna della pace, quello celebrato oggi a Monza da Cgil Cisl Uil territoriali. L\u2019iniziativa si \u00e8 svolta in piazza Roma. La colonna sonora della manifestazione \u00e8 stata assicurato dal gruppo brianzolo Mov. Ribadita la condanna dell\u2019aggressione russa ai danni del popolo ucraino, le tre organizzazioni sindacali hanno chiesto il ritorno alla stabilit\u00e0 [&hellip;]<\/p>\n","protected":false},"author":5,"featured_media":12028,"comment_status":"closed","ping_status":"open","sticky":false,"template":"","format":"standard","meta":{"footnotes":""},"categories":[1],"tags":[347,149,150],"class_list":{"0":"post-12027","1":"post","2":"type-post","3":"status-publish","4":"format-standard","5":"has-post-thumbnail","7":"category-notizie","8":"tag-1-maggio","9":"tag-cgil","10":"tag-uil","11":"czr-hentry"},"_links":{"self":[{"href":"https:\/\/www.monzalecco.lombardia.cisl.it\/index.php?rest_route=\/wp\/v2\/posts\/12027","targetHints":{"allow":["GET"]}}],"collection":[{"href":"https:\/\/www.monzalecco.lombardia.cisl.it\/index.php?rest_route=\/wp\/v2\/posts"}],"about":[{"href":"https:\/\/www.monzalecco.lombardia.cisl.it\/index.php?rest_route=\/wp\/v2\/types\/post"}],"author":[{"embeddable":true,"href":"https:\/\/www.monzalecco.lombardia.cisl.it\/index.php?rest_route=\/wp\/v2\/users\/5"}],"replies":[{"embeddable":true,"href":"https:\/\/www.monzalecco.lombardia.cisl.it\/index.php?rest_route=%2Fwp%2Fv2%2Fcomments&post=12027"}],"version-history":[{"count":3,"href":"https:\/\/www.monzalecco.lombardia.cisl.it\/index.php?rest_route=\/wp\/v2\/posts\/12027\/revisions"}],"predecessor-version":[{"id":12031,"href":"https:\/\/www.monzalecco.lombardia.cisl.it\/index.php?rest_route=\/wp\/v2\/posts\/12027\/revisions\/12031"}],"wp:featuredmedia":[{"embeddable":true,"href":"https:\/\/www.monzalecco.lombardia.cisl.it\/index.php?rest_route=\/wp\/v2\/media\/12028"}],"wp:attachment":[{"href":"https:\/\/www.monzalecco.lombardia.cisl.it\/index.php?rest_route=%2Fwp%2Fv2%2Fmedia&parent=12027"}],"wp:term":[{"taxonomy":"category","embeddable":true,"href":"https:\/\/www.monzalecco.lombardia.cisl.it\/index.php?rest_route=%2Fwp%2Fv2%2Fcategories&post=12027"},{"taxonomy":"post_tag","embeddable":true,"href":"https:\/\/www.monzalecco.lombardia.cisl.it\/index.php?rest_route=%2Fwp%2Fv2%2Ftags&post=12027"}],"curies":[{"name":"wp","href":"https:\/\/api.w.org\/{rel}","templated":true}]}}