{"id":12033,"date":"2022-05-02T11:40:56","date_gmt":"2022-05-02T09:40:56","guid":{"rendered":"https:\/\/www.monzalecco.lombardia.cisl.it\/?p=12033"},"modified":"2022-05-02T12:09:40","modified_gmt":"2022-05-02T10:09:40","slug":"a-monza-e-lecco-1-maggio-allinsegna-della-pace","status":"publish","type":"post","link":"https:\/\/www.monzalecco.lombardia.cisl.it\/?p=12033","title":{"rendered":"A Monza e Lecco 1\u00b0 Maggio all&#8217;insegna della pace"},"content":{"rendered":"<p>Dopo due anni in cui la Pandemia ci ha costretto a festeggiamenti \u201cda remoto\u201d finalmente ieri siamo tornati in piazza a celebrare la Festa dei lavoratori in piazza, all\u2019Arengario a Monza la mattina e in piazza Cermenati a Lecco nel pomeriggio.<\/p>\n<p>A dispetto delle previsioni meteo, il bel tempo ha permesso un\u2019ampia partecipazione di cittadine e cittadini che con noi si sono uniti con lo slogan <strong>\u201cAL LAVORO PER LA PACE\u201d.<\/strong> Una chiara dichiarazione dell\u2019impegno della CISL a favore della pace e della sua volont\u00e0 di sostenere la popolazione ucraina.<\/p>\n<p>In rappresentanza delle Segreterie CGIL CISL UIL Monza Brianza e Lecco sono intervenuti sui due palchi i Segretari Generali CGIL Diego Riva e Angela Mondellini. Entrambi hanno ribadito la condanna dell\u2019aggressione russa ai danni del popolo ucraino e come l\u2019accoglienza dei profughi sia un dovere, al di l\u00e0 della guerra che li ha spinti a scappare. In entrambe le piazze si \u00e8 sottolineato ancora una volta come sia diventata ormai insostenibile l\u2019escalation degli infortuni sul lavoro. Come ricordato da AMNIL durante la commemorazione al monumento dei caduti che ha preceduto l\u2019evento di Lecco, nella provincia di Lecco l\u2019aumento rispetto al primo bimestre dello scorso anno \u00e8 stato del 60%. Un dato che non pu\u00f2 lasciare indifferenti e che richiede il massimo sforzo affinch\u00e9 la cultura della legalit\u00e0 e della prevenzione siano promosse ogni giorno nei luoghi di lavoro.<\/p>\n<p>Tra gli interventi dei delegati anche quello di Alessandra Crippa, delegata FIM CISL Monza Brianza Lecco che molti ricorderanno per la sua presenza fissa e i suoi interventi al presidio contro la chiusura dell\u2019azienda VOSS Fluid di Osnago da parte di una multinazionale &#8220;Acquistano o assorbono le nostre aziende. Acquisiscono i brevetti, il portafoglio clienti, prendono tutti benefit governativi italiani possibili e poi chiudono. Se ne vanno lasciando il nostro Paese sempre pi\u00f9 povero. Povero di posti di lavoro, povero di libert\u00e0 economica e povero della tanto decantata manifattura italiana. Rendendo il popolo italiano, forza di questo Paese, povero e allo stremo. Non vogliamo vivere di ammortizzatori sociali, anche se oggi sono l&#8217;unico modo per sfamare le nostre famiglie. Vogliamo la dignit\u00e0 di un lavoro, vogliamo che non ci venga depredato dalle nostre mani e dal nostro paese\u201d.<\/p>\n<p>Presente alle due iniziative anche Il Segretario Generale della CISL Monza Brianza Lecco, Mirco Scaccabarozzi &#8220;Sul territorio la situazione stava migliorando, nonostante alcune criticit\u00e0, come la scarsit\u00e0 delle materie prime. Sotto il profilo occupazionale, chiediamo un lavoro di maggiore qualit\u00e0. Attualmente solo il 32% delle lavoratrici e dei lavoratori ha un contratto a tempo indeterminato. Il Pnrr pu\u00f2 essere un\u2019occasione per una svolta, ma dobbiamo vigilare affinch\u00e9 gli interessi delle mafie vengano neutralizzati&#8221;.<\/p>\n","protected":false},"excerpt":{"rendered":"<p>Dopo due anni in cui la Pandemia ci ha costretto a festeggiamenti \u201cda remoto\u201d finalmente ieri siamo tornati in piazza a celebrare la Festa dei lavoratori in piazza, all\u2019Arengario a Monza la mattina e in piazza Cermenati a Lecco nel pomeriggio. A dispetto delle previsioni meteo, il bel tempo ha permesso un\u2019ampia partecipazione di cittadine [&hellip;]<\/p>\n","protected":false},"author":5,"featured_media":12038,"comment_status":"closed","ping_status":"open","sticky":false,"template":"","format":"standard","meta":{"footnotes":""},"categories":[1],"tags":[347,552],"class_list":{"0":"post-12033","1":"post","2":"type-post","3":"status-publish","4":"format-standard","5":"has-post-thumbnail","7":"category-notizie","8":"tag-1-maggio","9":"tag-festa-dei-lavoratori","10":"czr-hentry"},"_links":{"self":[{"href":"https:\/\/www.monzalecco.lombardia.cisl.it\/index.php?rest_route=\/wp\/v2\/posts\/12033","targetHints":{"allow":["GET"]}}],"collection":[{"href":"https:\/\/www.monzalecco.lombardia.cisl.it\/index.php?rest_route=\/wp\/v2\/posts"}],"about":[{"href":"https:\/\/www.monzalecco.lombardia.cisl.it\/index.php?rest_route=\/wp\/v2\/types\/post"}],"author":[{"embeddable":true,"href":"https:\/\/www.monzalecco.lombardia.cisl.it\/index.php?rest_route=\/wp\/v2\/users\/5"}],"replies":[{"embeddable":true,"href":"https:\/\/www.monzalecco.lombardia.cisl.it\/index.php?rest_route=%2Fwp%2Fv2%2Fcomments&post=12033"}],"version-history":[{"count":4,"href":"https:\/\/www.monzalecco.lombardia.cisl.it\/index.php?rest_route=\/wp\/v2\/posts\/12033\/revisions"}],"predecessor-version":[{"id":12039,"href":"https:\/\/www.monzalecco.lombardia.cisl.it\/index.php?rest_route=\/wp\/v2\/posts\/12033\/revisions\/12039"}],"wp:featuredmedia":[{"embeddable":true,"href":"https:\/\/www.monzalecco.lombardia.cisl.it\/index.php?rest_route=\/wp\/v2\/media\/12038"}],"wp:attachment":[{"href":"https:\/\/www.monzalecco.lombardia.cisl.it\/index.php?rest_route=%2Fwp%2Fv2%2Fmedia&parent=12033"}],"wp:term":[{"taxonomy":"category","embeddable":true,"href":"https:\/\/www.monzalecco.lombardia.cisl.it\/index.php?rest_route=%2Fwp%2Fv2%2Fcategories&post=12033"},{"taxonomy":"post_tag","embeddable":true,"href":"https:\/\/www.monzalecco.lombardia.cisl.it\/index.php?rest_route=%2Fwp%2Fv2%2Ftags&post=12033"}],"curies":[{"name":"wp","href":"https:\/\/api.w.org\/{rel}","templated":true}]}}