{"id":12040,"date":"2022-05-02T16:07:31","date_gmt":"2022-05-02T14:07:31","guid":{"rendered":"https:\/\/www.monzalecco.lombardia.cisl.it\/?p=12040"},"modified":"2022-05-02T16:08:08","modified_gmt":"2022-05-02T14:08:08","slug":"ccnl-mobilita-attivita-ferroviarielavoratori-ai-seggi","status":"publish","type":"post","link":"https:\/\/www.monzalecco.lombardia.cisl.it\/?p=12040","title":{"rendered":"CCNL Mobilit\u00e0 attivit\u00e0 Ferroviarie, lavoratori ai seggi"},"content":{"rendered":"<p><strong>Dalle 10.00 di oggi 2 Maggio alle 14.00 di mercole\u00ec 4 Magg<\/strong>io le lavoratrici e i lavoratori del comparto Mobilit\u00e0 \/ Area Attivit\u00e0 Ferroviarie sono chiamati a votare per l<strong>&#8216;approvazione del rinnovo contrattuale<\/strong> siglato lo scorso 22 marzo.<br \/>\nOgni lavoratore potr\u00e0 recarsi presso i seggi e richiedere agli scrutatori di votare <a href=\"https:\/\/www.monzalecco.lombardia.cisl.it\/wp-content\/uploads\/2022\/05\/COMITATO-REFERENDUM-ELENCO-Seggi-e-Seggi-Volanti.pdf\" target=\"_blank\" rel=\"noopener\">(elenco Seggi e Seggi Volanti)<\/a>.<\/p>\n<p>In una nota congiunta, le <strong>Segreterie nazionali FILT CGIL, FIT CISL, UIL Trasporti e UGL Ferrovieri<\/strong> spiegano che il\u00a0 percorso\u00a0 per\u00a0 il\u00a0 rinnovo\u00a0 del\u00a0 CCNL\u00a0 della\u00a0 Mobilit\u00e0\/Area\u00a0 contrattuale\u00a0 Attivit\u00e0\u00a0 Ferroviarie\u00a0 del\u00a0 16 dicembre\u00a0 2016\u00a0 \u00e8\u00a0 stato\u00a0 condizionato\u00a0 dall\u2019emergenza\u00a0 sanitaria,\u00a0 che\u00a0 ha\u00a0 determinato\u00a0 delle\u00a0 conseguenze\u00a0fortemente negative sul settore della mobilit\u00e0 e delle attivit\u00e0 ferroviarie. A questo si aggiunge una fase\u00a0di\u00a0 pesante\u00a0 incertezza\u00a0 economica\u00a0 del\u00a0 Paese\u00a0 dovuta\u00a0 alla\u00a0 crisi\u00a0 internazionale\u00a0 in\u00a0 corso.\u00a0 Il\u00a0 rinnovo\u00a0sottoscritto, si \u00e8 posto l\u2019obiettivo di fornire ai lavoratori delle imprese ferroviarie e ai lavoratori degli\u00a0appalti\u00a0 di\u00a0 pulizia,\u00a0 ristorazione\u00a0 a\u00a0 bordo\u00a0 treno\u00a0 e\u00a0 accompagnamento\u00a0 notte,\u00a0 una\u00a0 risposta\u00a0 economica\u00a0 ad\u00a0invarianza di normativa di lavoro rafforzando a pieno la struttura del contratto di filiera confermando,\u00a0tra\u00a0 i\u00a0 suoi\u00a0 principi\u00a0 fondanti,\u00a0 il\u00a0 rimando\u00a0 alla\u00a0 contrattazione\u00a0 di\u00a0 secondo\u00a0 livello\u00a0 per\u00a0 addivenire\u00a0 ad\u00a0 un\u00a0contemperamento dell\u2019esigenza produttive con il miglioramento delle condizioni di lavoro.<\/p>\n<p>In\u00a0 questa\u00a0 ottica &#8211; continua la nota congiunta &#8211;\u00a0 si\u00a0 \u00e8\u00a0 ribadita\u00a0 la\u00a0 necessit\u00e0\u00a0 di\u00a0 ampliare\u00a0 il\u00a0 perimetro\u00a0 di\u00a0 applicazione\u00a0 del\u00a0 CCNL\u00a0 e\u00a0 di avviare,\u00a0 durante\u00a0 la\u00a0 vigenza\u00a0 di\u00a0 questo\u00a0 contratto,\u00a0 la\u00a0 discussione\u00a0 sul\u00a0 prossimo\u00a0 rinnovo.\u00a0 Come\u00a0 OOSS\u00a0riteniamo che a quella discussione debbano partecipare, attraverso le loro rappresentanze, le imprese\u00a0ferroviarie\u00a0 che\u00a0 non\u00a0 applicano\u00a0 oggi\u00a0 il\u00a0 CCNL\u00a0 della\u00a0 Mobilit\u00e0\/Attivit\u00e0\u00a0 Ferroviarie, proprio\u00a0 per\u00a0 definire\u00a0regole comuni in un settore che \u00e8 e sar\u00e0 al centro di importanti investimenti, tra i quali il PNRR, per il\u00a0rilancio e l\u2019espansione del trasporto delle merci e la mobilit\u00e0 delle persone del Paese.<\/p>\n<p>Il\u00a0 rinnovo\u00a0 economico\u00a0 che prevede\u00a0 il\u00a0 recupero\u00a0 dell\u2019inflazione\u00a0 e\u00a0 nessuno\u00a0 scambio\u00a0 di\u00a0 normativa\u00a0 di\u00a0lavoro, porter\u00e0 alle lavoratrici e ai lavoratori del settore un <strong>aumento per gli anni 2021\u20132022\u20132023\u00a0di\u00a0 110 \u20ac al\u00a0 parametro C1<\/strong>,\u00a0 erogato\u00a0 in\u00a0 tre\u00a0 tranches\u00a0 con\u00a0 le\u00a0 retribuzioni\u00a0 di\u00a0 Maggio\u00a0 2022\u00a0 \u20ac 45,\u00a0\u00a0Novembre 2022 \u20ac 30, Agosto 2023 \u20ac35.<\/p>\n<p>Nel mese di\u00a0 Giugno 2022\u00a0 sar\u00e0 erogata un<strong> Una Tantum da \u20ac 500, per il periodo\u00a0 1\u00b0 gennaio 2021-Aprile 2022<\/strong>.<\/p>\n<p>Apprendistato Professionalizzante: <strong>la figura di\u00a0 \u201cSpecialista\u00a0 Tecnico Amministrativo\u201d<\/strong>per la quale \u00e8\u00a0richiesta\u00a0 la\u00a0 laurea per\u00a0 l\u2019assunzione,\u00a0 <strong>durante\u00a0 il periodo\u00a0 di\u00a0 apprendistato\u00a0 (24 MESI)\u00a0 sar\u00e0\u00a0 inquadrata\u00a0 al\u00a0livello B2<\/strong>.<\/p>\n<p><img loading=\"lazy\" decoding=\"async\" class=\"alignnone size-medium wp-image-12042\" src=\"https:\/\/www.monzalecco.lombardia.cisl.it\/wp-content\/uploads\/2022\/05\/IMG-20220502-WA0001-300x300.jpg\" alt=\"\" width=\"300\" height=\"300\" srcset=\"https:\/\/www.monzalecco.lombardia.cisl.it\/wp-content\/uploads\/2022\/05\/IMG-20220502-WA0001-300x300.jpg 300w, https:\/\/www.monzalecco.lombardia.cisl.it\/wp-content\/uploads\/2022\/05\/IMG-20220502-WA0001-150x150.jpg 150w, https:\/\/www.monzalecco.lombardia.cisl.it\/wp-content\/uploads\/2022\/05\/IMG-20220502-WA0001-510x510.jpg 510w, https:\/\/www.monzalecco.lombardia.cisl.it\/wp-content\/uploads\/2022\/05\/IMG-20220502-WA0001.jpg 600w\" sizes=\"auto, (max-width: 300px) 100vw, 300px\" \/><\/p>\n","protected":false},"excerpt":{"rendered":"<p>Dalle 10.00 di oggi 2 Maggio alle 14.00 di mercole\u00ec 4 Maggio le lavoratrici e i lavoratori del comparto Mobilit\u00e0 \/ Area Attivit\u00e0 Ferroviarie sono chiamati a votare per l&#8216;approvazione del rinnovo contrattuale siglato lo scorso 22 marzo. Ogni lavoratore potr\u00e0 recarsi presso i seggi e richiedere agli scrutatori di votare (elenco Seggi e Seggi [&hellip;]<\/p>\n","protected":false},"author":5,"featured_media":12042,"comment_status":"closed","ping_status":"open","sticky":false,"template":"","format":"standard","meta":{"footnotes":""},"categories":[1],"tags":[831,832,803,833,834],"class_list":{"0":"post-12040","1":"post","2":"type-post","3":"status-publish","4":"format-standard","5":"has-post-thumbnail","7":"category-notizie","8":"tag-ccnl-mobilita-area-attivita-ferroviari","9":"tag-ferrovie","10":"tag-fit-cisl","11":"tag-fs","12":"tag-rinnovo-ccnl","13":"czr-hentry"},"_links":{"self":[{"href":"https:\/\/www.monzalecco.lombardia.cisl.it\/index.php?rest_route=\/wp\/v2\/posts\/12040","targetHints":{"allow":["GET"]}}],"collection":[{"href":"https:\/\/www.monzalecco.lombardia.cisl.it\/index.php?rest_route=\/wp\/v2\/posts"}],"about":[{"href":"https:\/\/www.monzalecco.lombardia.cisl.it\/index.php?rest_route=\/wp\/v2\/types\/post"}],"author":[{"embeddable":true,"href":"https:\/\/www.monzalecco.lombardia.cisl.it\/index.php?rest_route=\/wp\/v2\/users\/5"}],"replies":[{"embeddable":true,"href":"https:\/\/www.monzalecco.lombardia.cisl.it\/index.php?rest_route=%2Fwp%2Fv2%2Fcomments&post=12040"}],"version-history":[{"count":2,"href":"https:\/\/www.monzalecco.lombardia.cisl.it\/index.php?rest_route=\/wp\/v2\/posts\/12040\/revisions"}],"predecessor-version":[{"id":12044,"href":"https:\/\/www.monzalecco.lombardia.cisl.it\/index.php?rest_route=\/wp\/v2\/posts\/12040\/revisions\/12044"}],"wp:featuredmedia":[{"embeddable":true,"href":"https:\/\/www.monzalecco.lombardia.cisl.it\/index.php?rest_route=\/wp\/v2\/media\/12042"}],"wp:attachment":[{"href":"https:\/\/www.monzalecco.lombardia.cisl.it\/index.php?rest_route=%2Fwp%2Fv2%2Fmedia&parent=12040"}],"wp:term":[{"taxonomy":"category","embeddable":true,"href":"https:\/\/www.monzalecco.lombardia.cisl.it\/index.php?rest_route=%2Fwp%2Fv2%2Fcategories&post=12040"},{"taxonomy":"post_tag","embeddable":true,"href":"https:\/\/www.monzalecco.lombardia.cisl.it\/index.php?rest_route=%2Fwp%2Fv2%2Ftags&post=12040"}],"curies":[{"name":"wp","href":"https:\/\/api.w.org\/{rel}","templated":true}]}}