{"id":12088,"date":"2022-05-16T11:51:01","date_gmt":"2022-05-16T09:51:01","guid":{"rendered":"https:\/\/www.monzalecco.lombardia.cisl.it\/?p=12088"},"modified":"2022-05-16T11:51:01","modified_gmt":"2022-05-16T09:51:01","slug":"servizi-di-salute-mentale-situazione-drammatica","status":"publish","type":"post","link":"https:\/\/www.monzalecco.lombardia.cisl.it\/?p=12088","title":{"rendered":"Servizi di salute mentale, situazione drammatica"},"content":{"rendered":"<p>Mai come in questi ultimi due anni il tema della salute mentale \u00e8 stato protagonista di riflessioni, confronti tra gli attori del welfare locale e le istituzioni sanitarie. La pandemia, ma soprattutto il lockdown che ne \u00e8 seguito, ci ha messo di fronte al dramma dell&#8217;isolamento, molte delle attivit\u00e0 che ci tenevano attivi sono state interrotte, e molti cittadini\/e hanno sperimentato episodi depressivi e ansiogeni. Per non parlare delle conseguenze su minori e adolescenti per i quali si \u00e8 parlato pi\u00f9 volte di una seconda emergenza sanitaria dovuta all&#8217;impatto traumatico sullo stato psicologico, a seguito dell\u2019interruzione della frequenza scolastica, delle attivit\u00e0 all\u2019aperto e delle occasioni di contatto sociale coi coetanei.<\/p>\n<p>Gli sportelli del Sindacato dedicati al Disagio Lavorativo hanno registrato molteplici accessi dovuti all&#8217;insorgere di problematiche legate alla salute mentale tra i lavoratori e lanciano un allarme<em> &#8220;le conseguenze della pandemia sulla salute della parte pi\u00f9 giovane della popolazione, ma non solo, avranno sicuramente una portata devastante che dovr\u00e0 essere assorbita da una rete di servizi dotata di risorse e competenze&#8221;.<\/em><\/p>\n<p>In un contesto di questo tipo, il discorso pubblico, gli studi e le evidenze determinate dai servizi stessi non hanno fatto altro che sottolineare l&#8217;esigenza di dover aumentare, rafforzare e diffondere, soprattutto sul territorio, i servizi dedicati alla salute mentale.<\/p>\n<p><em>&#8220;Purtroppo per\u00f2 in Brianza sta avvenendo esattamente l&#8217;opposto&#8221;<\/em> denunciano unitariamente i Sindacati CGIL CISL UIL Monza Brianza, <em>&#8220;I servizi della salute mentale sono cronicamente a corto di risorse e personale ed apprendiamo la drammatica notizia della chiusura del reparto di Psichiatria (SPDC) dell&#8217;ospedale di Desio, che sembra essere il colpo finale. Fino ad oggi le maggiori carenze di personale sembravano colpire soprattutto i servizi territoriali di psichiatria (Centri Psico Sociali) e per questo non abbiamo mai smesso di chiedere l\u2019adeguamento degli organici e delle risorse (almeno fino al 5% del bilancio sanitario complessivo, cos\u00ec come concordato anni fa con la stessa Regione Lombardia).&#8221;<\/em><\/p>\n<p><em>&#8220;Mancano le risorse, mancano le professionalit\u00e0. Il territorio si \u00e8 impoverito, i servizi vengono ridotti o chiusi nella peggiore delle ipotesi. Regione Lombardia non sembra avere coscienza del problema. Una Regione che vanta un sistema sanitario di eccellenza ma che non riesce a tenere aperti dei\u00a0 servizi fondamentali, soprattutto in questo particolare momento storico.&#8221;<\/em> proseguono i responsabili sindacali. <em>&#8220;Si parla tanto di Case di Comunit\u00e0, di servizi di prossimit\u00e0, ma com&#8217;\u00e8 possibile in questo momento determinare una reale svolta della rete territoriale dei servizi se i pochi che ci sono vengono chiusi per mancanza di investimenti?\u00a0Le Organizzazioni Sindacali confederali e i Sindacati dei pensionati da sempre lottano sui territori per garantire il mantenimento dei servizi sociali e sanitari territoriali, in una Regione che al contrario da anni ha puntato tutto sull&#8217;ospedale nel mezzo di un deserto di servizi.&#8221;<\/em><\/p>\n","protected":false},"excerpt":{"rendered":"<p>Mai come in questi ultimi due anni il tema della salute mentale \u00e8 stato protagonista di riflessioni, confronti tra gli attori del welfare locale e le istituzioni sanitarie. La pandemia, ma soprattutto il lockdown che ne \u00e8 seguito, ci ha messo di fronte al dramma dell&#8217;isolamento, molte delle attivit\u00e0 che ci tenevano attivi sono state [&hellip;]<\/p>\n","protected":false},"author":5,"featured_media":12089,"comment_status":"closed","ping_status":"open","sticky":false,"template":"","format":"standard","meta":{"footnotes":""},"categories":[1],"tags":[859,856,593,858,855,857],"class_list":{"0":"post-12088","1":"post","2":"type-post","3":"status-publish","4":"format-standard","5":"has-post-thumbnail","7":"category-notizie","8":"tag-case-di-comunita","9":"tag-cps","10":"tag-desio","11":"tag-psichiatria","12":"tag-salute-mentale","13":"tag-spdc","14":"czr-hentry"},"_links":{"self":[{"href":"https:\/\/www.monzalecco.lombardia.cisl.it\/index.php?rest_route=\/wp\/v2\/posts\/12088","targetHints":{"allow":["GET"]}}],"collection":[{"href":"https:\/\/www.monzalecco.lombardia.cisl.it\/index.php?rest_route=\/wp\/v2\/posts"}],"about":[{"href":"https:\/\/www.monzalecco.lombardia.cisl.it\/index.php?rest_route=\/wp\/v2\/types\/post"}],"author":[{"embeddable":true,"href":"https:\/\/www.monzalecco.lombardia.cisl.it\/index.php?rest_route=\/wp\/v2\/users\/5"}],"replies":[{"embeddable":true,"href":"https:\/\/www.monzalecco.lombardia.cisl.it\/index.php?rest_route=%2Fwp%2Fv2%2Fcomments&post=12088"}],"version-history":[{"count":1,"href":"https:\/\/www.monzalecco.lombardia.cisl.it\/index.php?rest_route=\/wp\/v2\/posts\/12088\/revisions"}],"predecessor-version":[{"id":12090,"href":"https:\/\/www.monzalecco.lombardia.cisl.it\/index.php?rest_route=\/wp\/v2\/posts\/12088\/revisions\/12090"}],"wp:featuredmedia":[{"embeddable":true,"href":"https:\/\/www.monzalecco.lombardia.cisl.it\/index.php?rest_route=\/wp\/v2\/media\/12089"}],"wp:attachment":[{"href":"https:\/\/www.monzalecco.lombardia.cisl.it\/index.php?rest_route=%2Fwp%2Fv2%2Fmedia&parent=12088"}],"wp:term":[{"taxonomy":"category","embeddable":true,"href":"https:\/\/www.monzalecco.lombardia.cisl.it\/index.php?rest_route=%2Fwp%2Fv2%2Fcategories&post=12088"},{"taxonomy":"post_tag","embeddable":true,"href":"https:\/\/www.monzalecco.lombardia.cisl.it\/index.php?rest_route=%2Fwp%2Fv2%2Ftags&post=12088"}],"curies":[{"name":"wp","href":"https:\/\/api.w.org\/{rel}","templated":true}]}}