{"id":12103,"date":"2022-05-17T15:20:21","date_gmt":"2022-05-17T13:20:21","guid":{"rendered":"https:\/\/www.monzalecco.lombardia.cisl.it\/?p=12103"},"modified":"2022-05-17T15:24:15","modified_gmt":"2022-05-17T13:24:15","slug":"residenza-amica-esternalizzazione-servizi-sanitari","status":"publish","type":"post","link":"https:\/\/www.monzalecco.lombardia.cisl.it\/?p=12103","title":{"rendered":"Residenza Amica, sindacati contro l&#8217;esternalizzazione dei servizi"},"content":{"rendered":"<p><strong>La Fondazione Residenza Amica di Giussano vuole esternalizzare i servizi sanitari.<br \/>\nLavoratori e Sindacati non ci stanno<\/strong><\/p>\n<p>I vertici di Residenza Amica non hanno ceduto alle richieste dei Sindacati, l\u2019ipotesi di esternalizzazione dei servizi sanitari resta al vaglio del Consiglio di Amministrazione che ha richiesto l\u2019acquisizione di un ulteriore preventivo per approfondire l\u2019impatto economico conseguente alla cessione dei dipendenti, attualmente dipendenti della Fondazione, ad una cooperativa sociale.<\/p>\n<p><em>\u201cEvidenziamo con rammarico che la richiesta al CDA e alla politica di abbandonare l\u2019ipotesi \u00e8 restata inascoltata cosi come inascoltato \u00e8 rimasto l\u2019invito ad un confronto coi lavoratori e i loro rappresentanti finalizzato a discutere di possibili alternative e di soluzioni che non tutelino unicamente i livelli occupazionali ma anche i diritti e la dignit\u00e0 dei lavoratori che operano all\u2019interno della struttura per anziani di Giussano\u201d. <\/em>Hanno commentato i rappresentanti di FP CGIL, FP CISL e UILP FPL Monza Brianza ricordando che quello dei servizi sanitarti sarebbe il secondo dei servizi ceduti in appalto visto che anni fa la Fondazione aveva gi\u00e0 affidato quello di Ristorazione ad una societ\u00e0 esterna.<\/p>\n<p>Secondo i Sindacati la scelta dell\u2019esternalizzazione, con la conseguente frammentazione della forza lavoro, non \u00e8 una soluzione gestionale in grado di risolvere le complessit\u00e0 aziendali e le difficolt\u00e0 economiche che si stanno lentamente sanando dopo il difficile periodo pandemico<em>. \u201cQuello che \u00e8 necessario\u201d<\/em> sostengono i rappresentanti sindacali <em>\u201c\u00e8 una comprensione approfondita delle problematiche che coinvolgono il servizio e un\u2019attenta analisi delle possibili soluzioni che non pu\u00f2 prescindere da un confronto con le parti sociali e con i lavoratori coinvolti\u201d.<\/em><\/p>\n<p>Per queste ragioni le categorie sindacali del pubblico impiego di CGIL CISL UIL Monza Brianza hanno chiesto un incontro in cui discutere l\u2019ipotesi di affidamento a una cooperativa dei servizi resi da infermieri e OSS per avviare un confronto che tenga conto di tutti i punti di vista e che vagli altre soluzioni. In caso di mancato riscontro da parte del Consiglio di Amministrazione e della Politica Giussanese i Sindacati hanno gi\u00e0 annunciato iniziative di mobilitazione con la proclamazione dello stato di agitazione e l\u2019organizzazione di presidi di protesta davanti alla struttura e davanti all\u2019edificio comunale.<\/p>\n<p>&nbsp;<\/p>\n","protected":false},"excerpt":{"rendered":"<p>La Fondazione Residenza Amica di Giussano vuole esternalizzare i servizi sanitari. Lavoratori e Sindacati non ci stanno I vertici di Residenza Amica non hanno ceduto alle richieste dei Sindacati, l\u2019ipotesi di esternalizzazione dei servizi sanitari resta al vaglio del Consiglio di Amministrazione che ha richiesto l\u2019acquisizione di un ulteriore preventivo per approfondire l\u2019impatto economico conseguente [&hellip;]<\/p>\n","protected":false},"author":5,"featured_media":12104,"comment_status":"closed","ping_status":"open","sticky":false,"template":"","format":"standard","meta":{"footnotes":""},"categories":[1],"tags":[99,867,229,608,866,869,548,868],"class_list":{"0":"post-12103","1":"post","2":"type-post","3":"status-publish","4":"format-standard","5":"has-post-thumbnail","7":"category-notizie","8":"tag-anziani","9":"tag-esternalizzazione-servizi","10":"tag-pensionati","11":"tag-pubblico-impiego","12":"tag-residenza-amica","13":"tag-richar-carbajal-zavala","14":"tag-rsa","15":"tag-servizi-sanitari","16":"czr-hentry"},"_links":{"self":[{"href":"https:\/\/www.monzalecco.lombardia.cisl.it\/index.php?rest_route=\/wp\/v2\/posts\/12103","targetHints":{"allow":["GET"]}}],"collection":[{"href":"https:\/\/www.monzalecco.lombardia.cisl.it\/index.php?rest_route=\/wp\/v2\/posts"}],"about":[{"href":"https:\/\/www.monzalecco.lombardia.cisl.it\/index.php?rest_route=\/wp\/v2\/types\/post"}],"author":[{"embeddable":true,"href":"https:\/\/www.monzalecco.lombardia.cisl.it\/index.php?rest_route=\/wp\/v2\/users\/5"}],"replies":[{"embeddable":true,"href":"https:\/\/www.monzalecco.lombardia.cisl.it\/index.php?rest_route=%2Fwp%2Fv2%2Fcomments&post=12103"}],"version-history":[{"count":3,"href":"https:\/\/www.monzalecco.lombardia.cisl.it\/index.php?rest_route=\/wp\/v2\/posts\/12103\/revisions"}],"predecessor-version":[{"id":12107,"href":"https:\/\/www.monzalecco.lombardia.cisl.it\/index.php?rest_route=\/wp\/v2\/posts\/12103\/revisions\/12107"}],"wp:featuredmedia":[{"embeddable":true,"href":"https:\/\/www.monzalecco.lombardia.cisl.it\/index.php?rest_route=\/wp\/v2\/media\/12104"}],"wp:attachment":[{"href":"https:\/\/www.monzalecco.lombardia.cisl.it\/index.php?rest_route=%2Fwp%2Fv2%2Fmedia&parent=12103"}],"wp:term":[{"taxonomy":"category","embeddable":true,"href":"https:\/\/www.monzalecco.lombardia.cisl.it\/index.php?rest_route=%2Fwp%2Fv2%2Fcategories&post=12103"},{"taxonomy":"post_tag","embeddable":true,"href":"https:\/\/www.monzalecco.lombardia.cisl.it\/index.php?rest_route=%2Fwp%2Fv2%2Ftags&post=12103"}],"curies":[{"name":"wp","href":"https:\/\/api.w.org\/{rel}","templated":true}]}}