{"id":12317,"date":"2022-07-05T22:28:06","date_gmt":"2022-07-05T20:28:06","guid":{"rendered":"https:\/\/www.monzalecco.lombardia.cisl.it\/?p=12317"},"modified":"2022-07-05T22:28:06","modified_gmt":"2022-07-05T20:28:06","slug":"partito-il-corso-gratuito-per-stranieri","status":"publish","type":"post","link":"https:\/\/www.monzalecco.lombardia.cisl.it\/?p=12317","title":{"rendered":"Partito il corso gratuito per stranieri"},"content":{"rendered":"<p><strong><span style=\"font-size: 14pt;\">Partito in Cisl a Lecco il corso gratuito per l\u2019avvicinamento al lavoro degli stranier<\/span>i<\/strong><\/p>\n<p>Sono circa 30 gli stranieri iscritti al corso gratuito di 60 ore iniziato marted\u00ec 5 luglio presso la sede CISL di Lecco organizzato da ANOLF Monza Brianza Lecco nell\u2019ambito del progetto F.O.R.M.A. (Formazione, Opportunit\u00e0 e Risorse per Migranti in Agricoltura).<\/p>\n<p>Oltre che le basi della grammatica italiana, a cui verranno dedicate 40 ore, il corso ha l\u2019intento di preparare i partecipanti alla vita lavorativa. Per questo fra gli insegnamenti \u00e8 stato inserito anche un approfondimento delle terminologia specifica oltre che diversi servizi di accompagnamento al mondo del lavoro. Durante le 20 ore restanti, un docente di informatica insegner\u00e0 l\u2019utilizzo tutti gli strumenti che potranno essere utili ai partecipanti per agevolare e facilitare certe procedure ordinarie, come l&#8217;identit\u00e0 digitale, lo SPID, la CNS e le principali piattaforme per la ricerca del lavoro. Verr\u00e0 poi spiegato come compilare un curriculum vitae, dando ai partecipanti consigli e aiuti per renderlo pi\u00f9 funzionale ed efficace, e, infine si svolger\u00e0 una simulazione di colloquio utilizzando la lingua italiana per aiutare i ragazzi ad avere pi\u00f9 confidenza e scioltezza per un futuro colloquio lavorativo.<\/p>\n<p><em>\u201cIl corso \u00e8 stato pensato principalmente allo scopo di combattere l\u2019analfabetismo digitale. Dopo vari rinvii dovuti alla Pandemia siamo felici di averlo potuto finalmente realizzare in presenza\u201d<\/em> ha spiegato Andrea Massironi, Presidente ANOLF Monza Brianza e Lecco.<\/p>\n<p><em>\u201cCon il corso si conclude questo progetto in cui abbiamo creduto molto e che \u00e8 andato oltre i risultati sperati\u201d<\/em> ha continuato Massironi. <em>\u201cLo scopo finale era combattere lo sfruttamento nell\u2019agricoltura, andando a coinvolgere sia i lavoratori che le aziende e cercando di far dialogare le due parti. Su Lecco siamo riusciti a interpellare molte imprese agricole a cui abbiamo proposto di partecipare ed alcune hanno aderito con entusiasmo cogliendo l\u2019occasione di avere un interlocutore che potesse consigliarle sulla gestione dei lavoratori e sull\u2019accesso alle agevolazioni\u201d.<\/em><\/p>\n<p><strong>\u00a0<\/strong><\/p>\n","protected":false},"excerpt":{"rendered":"<p>Partito in Cisl a Lecco il corso gratuito per l\u2019avvicinamento al lavoro degli stranieri Sono circa 30 gli stranieri iscritti al corso gratuito di 60 ore iniziato marted\u00ec 5 luglio presso la sede CISL di Lecco organizzato da ANOLF Monza Brianza Lecco nell\u2019ambito del progetto F.O.R.M.A. (Formazione, Opportunit\u00e0 e Risorse per Migranti in Agricoltura). Oltre [&hellip;]<\/p>\n","protected":false},"author":5,"featured_media":12318,"comment_status":"closed","ping_status":"open","sticky":false,"template":"","format":"standard","meta":{"footnotes":""},"categories":[1],"tags":[931,932,930,288],"class_list":{"0":"post-12317","1":"post","2":"type-post","3":"status-publish","4":"format-standard","5":"has-post-thumbnail","7":"category-notizie","8":"tag-corso-gratuito-italiano","9":"tag-corso-informatica","10":"tag-f-o-r-m-a","11":"tag-stranieri","12":"czr-hentry"},"_links":{"self":[{"href":"https:\/\/www.monzalecco.lombardia.cisl.it\/index.php?rest_route=\/wp\/v2\/posts\/12317","targetHints":{"allow":["GET"]}}],"collection":[{"href":"https:\/\/www.monzalecco.lombardia.cisl.it\/index.php?rest_route=\/wp\/v2\/posts"}],"about":[{"href":"https:\/\/www.monzalecco.lombardia.cisl.it\/index.php?rest_route=\/wp\/v2\/types\/post"}],"author":[{"embeddable":true,"href":"https:\/\/www.monzalecco.lombardia.cisl.it\/index.php?rest_route=\/wp\/v2\/users\/5"}],"replies":[{"embeddable":true,"href":"https:\/\/www.monzalecco.lombardia.cisl.it\/index.php?rest_route=%2Fwp%2Fv2%2Fcomments&post=12317"}],"version-history":[{"count":1,"href":"https:\/\/www.monzalecco.lombardia.cisl.it\/index.php?rest_route=\/wp\/v2\/posts\/12317\/revisions"}],"predecessor-version":[{"id":12319,"href":"https:\/\/www.monzalecco.lombardia.cisl.it\/index.php?rest_route=\/wp\/v2\/posts\/12317\/revisions\/12319"}],"wp:featuredmedia":[{"embeddable":true,"href":"https:\/\/www.monzalecco.lombardia.cisl.it\/index.php?rest_route=\/wp\/v2\/media\/12318"}],"wp:attachment":[{"href":"https:\/\/www.monzalecco.lombardia.cisl.it\/index.php?rest_route=%2Fwp%2Fv2%2Fmedia&parent=12317"}],"wp:term":[{"taxonomy":"category","embeddable":true,"href":"https:\/\/www.monzalecco.lombardia.cisl.it\/index.php?rest_route=%2Fwp%2Fv2%2Fcategories&post=12317"},{"taxonomy":"post_tag","embeddable":true,"href":"https:\/\/www.monzalecco.lombardia.cisl.it\/index.php?rest_route=%2Fwp%2Fv2%2Ftags&post=12317"}],"curies":[{"name":"wp","href":"https:\/\/api.w.org\/{rel}","templated":true}]}}