{"id":12324,"date":"2022-07-06T17:48:25","date_gmt":"2022-07-06T15:48:25","guid":{"rendered":"https:\/\/www.monzalecco.lombardia.cisl.it\/?p=12324"},"modified":"2022-07-06T17:48:25","modified_gmt":"2022-07-06T15:48:25","slug":"psal-a-rischio-la-salute-dei-lavoratori","status":"publish","type":"post","link":"https:\/\/www.monzalecco.lombardia.cisl.it\/?p=12324","title":{"rendered":"PSAL, a rischio la salute dei lavoratori"},"content":{"rendered":"<p><span style=\"font-size: 14pt;\"><strong>Alte concentrazioni di radon, rischio per la salute dei lavoratori dello Psal<\/strong><\/span><br \/>\n<strong>Presidio delle organizzazioni sindacali davanti alla sede di Ats: \u201cSbagliato accorpare le sedi territoriali di chi dovrebbe garantire la sicurezza sul lavoro\u201d.<\/strong><\/p>\n<p>L&#8217;Organizzazione Mondiale della Sanit\u00e0 considera il radon un agente cancerogeno, il secondo maggiore responsabile del tumore polmonare dopo il fumo. Arpa Lombardia sul sito web informa che l\u2019incremento della probabilit\u00e0 che la malattia si manifesti \u201c\u00e8 proporzionale alla concentrazione di radon presente negli ambienti di vita e di lavoro frequentati da un individuo\u201d, cos\u00ec un lavoratore che fosse esposto per un periodo prolungato al radon rischierebbe di sviluppare il carcinoma.<\/p>\n<p>\u00c8 spinto anche da queste valutazioni il secondo presidio in pochi mesi di Fp Cgil, Cisl Fp e Uilfpl territoriali davanti alla sede di Ats Brianza. Le organizzazioni sindacali si sono date appuntamento in viale Elvezia a Monza per esprimere, ancora una volta e con un punto in pi\u00f9 nell\u2019elenco delle motivazioni, la netta contrariet\u00e0 alla scelta di centralizzare i servizi di prevenzione e sicurezza nei luoghi di lavoro (Psal) in un\u2019unica sede territoriale, quella di via Solferino che \u2013 sorte maligna \u2013 \u00e8 proprio quella che registra alte concentrazioni di radon.<\/p>\n<p>Ma facciamo un passo indietro. A marzo 2022 le organizzazioni sindacali avevano organizzato un presidio unitario davanti ad Ats Brianza per contrastare la scelta di trasferire i lavoratori della sede di Ornago dello Psal a Monza. Una scelta che i sindacati considerano sbagliata e che sarebbe determinata dalla mancanza di personale: \u201cL\u2019ennesimo preoccupante segnale nell\u2019ambito della prevenzione degli infortuni sul lavoro in un territorio in cui lavorando si continua a farsi male a morire\u201d, commentano i rappresentanti sindacali.<\/p>\n<p>Una decisione doppiamente infausta, dunque, come spiega Fausto Callegari, coordinatore Rsu di Ats Brianza: \u201cLa sede dove hanno trasferito i lavoratori si \u00e8 rivelata problematica per la presenza di radon cinque volte superiore al limite previsto dalle norme, con il risultato paradossale che chi \u00e8 deputato a garantire la salute e la sicurezza nei luoghi di lavoro \u00e8 il primo ad essere messo in una condizione di rischio potenziale\u201d.<\/p>\n<p>\u201cLa scelta di accentrare i servizi dimostra che a Regione Lombardia la pandemia non ha insegnato niente\u201d gli fa eco Nicola Turdo della Cisl Fp Monza Brianza Lecco che aggiunge: \u201cNon siamo di fronte a una scelta di efficienza n\u00e9 in termini economici n\u00e9 di qualit\u00e0 del servizio, accorpando si rende solo meno capillare il presidio territoriale\u201d.<\/p>\n<p>\u201cRivendichiamo ancora una volta il nostro \u2018no\u2019 al concentramento delle attivit\u00e0 di Ats in un\u2019unica sede perch\u00e9 bisogna avvicinare i servizi alle esigenze dei cittadini e con la scelta di accorpare le sedi di Desio e di Ornago a Monza si privano quelle aree di un intervento tempestivo in caso di necessit\u00e0\u201d, afferma Tania Goldonetto, segretaria generale della Fp Cgil Monza e Brianza.<\/p>\n<p>Una situazione \u201cincredibile, assurda e molto pericolosa\u201d, la definisce Massimo Coppia, segretario della Uilfpl, che avverte: \u201cSe questa direzione generale non attuer\u00e0 in tempi brevi una soluzione alla problematica, rappresenteremo i lavoratori in tutte le sedi istituzionali\u201d.<\/p>\n<p>\u201c\u00c8 una condizione insostenibile \u2013 aggiunge Roberto Frigerio della segreteria Cisl Monza Brianza Lecco \u2013 che comporta disagi organizzativi e logistici a tutti i cittadini. Portiamo avanti questa partita anche sul livello regionale\u201d.<\/p>\n<p>\u201cSiamo di fronte a personale che non viene tutelato nei luoghi di lavoro \u2013 commenta Giulio Fossati della segreteria della Cgil di Monza e Brianza \u2013, siamo di fronte a un territorio che viene svuotato dai servizi della sicurezza sui luoghi di lavoro. Chiediamo \u2013 conclude \u2013 urgentemente a Regione Lombardia un intervento per fare in modo che questo piano scellerato non prosegua nel suo percorso\u201d.<\/p>\n","protected":false},"excerpt":{"rendered":"<p>Alte concentrazioni di radon, rischio per la salute dei lavoratori dello Psal Presidio delle organizzazioni sindacali davanti alla sede di Ats: \u201cSbagliato accorpare le sedi territoriali di chi dovrebbe garantire la sicurezza sul lavoro\u201d. L&#8217;Organizzazione Mondiale della Sanit\u00e0 considera il radon un agente cancerogeno, il secondo maggiore responsabile del tumore polmonare dopo il fumo. Arpa [&hellip;]<\/p>\n","protected":false},"author":5,"featured_media":12325,"comment_status":"closed","ping_status":"open","sticky":false,"template":"","format":"standard","meta":{"footnotes":""},"categories":[1],"tags":[937,936,794],"class_list":{"0":"post-12324","1":"post","2":"type-post","3":"status-publish","4":"format-standard","5":"has-post-thumbnail","7":"category-notizie","8":"tag-accentramento-psal","9":"tag-ats-brianza","10":"tag-psal","11":"czr-hentry"},"_links":{"self":[{"href":"https:\/\/www.monzalecco.lombardia.cisl.it\/index.php?rest_route=\/wp\/v2\/posts\/12324","targetHints":{"allow":["GET"]}}],"collection":[{"href":"https:\/\/www.monzalecco.lombardia.cisl.it\/index.php?rest_route=\/wp\/v2\/posts"}],"about":[{"href":"https:\/\/www.monzalecco.lombardia.cisl.it\/index.php?rest_route=\/wp\/v2\/types\/post"}],"author":[{"embeddable":true,"href":"https:\/\/www.monzalecco.lombardia.cisl.it\/index.php?rest_route=\/wp\/v2\/users\/5"}],"replies":[{"embeddable":true,"href":"https:\/\/www.monzalecco.lombardia.cisl.it\/index.php?rest_route=%2Fwp%2Fv2%2Fcomments&post=12324"}],"version-history":[{"count":1,"href":"https:\/\/www.monzalecco.lombardia.cisl.it\/index.php?rest_route=\/wp\/v2\/posts\/12324\/revisions"}],"predecessor-version":[{"id":12326,"href":"https:\/\/www.monzalecco.lombardia.cisl.it\/index.php?rest_route=\/wp\/v2\/posts\/12324\/revisions\/12326"}],"wp:featuredmedia":[{"embeddable":true,"href":"https:\/\/www.monzalecco.lombardia.cisl.it\/index.php?rest_route=\/wp\/v2\/media\/12325"}],"wp:attachment":[{"href":"https:\/\/www.monzalecco.lombardia.cisl.it\/index.php?rest_route=%2Fwp%2Fv2%2Fmedia&parent=12324"}],"wp:term":[{"taxonomy":"category","embeddable":true,"href":"https:\/\/www.monzalecco.lombardia.cisl.it\/index.php?rest_route=%2Fwp%2Fv2%2Fcategories&post=12324"},{"taxonomy":"post_tag","embeddable":true,"href":"https:\/\/www.monzalecco.lombardia.cisl.it\/index.php?rest_route=%2Fwp%2Fv2%2Ftags&post=12324"}],"curies":[{"name":"wp","href":"https:\/\/api.w.org\/{rel}","templated":true}]}}