{"id":12333,"date":"2022-07-08T17:02:51","date_gmt":"2022-07-08T15:02:51","guid":{"rendered":"https:\/\/www.monzalecco.lombardia.cisl.it\/?p=12333"},"modified":"2022-07-08T17:02:51","modified_gmt":"2022-07-08T15:02:51","slug":"gorillas-manda-a-casa-540-lavoratori","status":"publish","type":"post","link":"https:\/\/www.monzalecco.lombardia.cisl.it\/?p=12333","title":{"rendered":"Gorillas manda a casa 540 lavoratori"},"content":{"rendered":"<p><strong>Gorillas lascia il mercato italiano e manda a casa 540 lavoratori <\/strong><\/p>\n<p>Solo poco pi\u00f9 di due mesi fa avevano firmato il passaggio al CCNL di settore della Logistica, Trasporto merci e Spedizione e un accordo per la stabilizzazione dei rapporti di lavoro a tempo determinato, il 50% entro maggio e il restante 50% entro l\u2019anno. Qualche giorno fa, a sorpresa, la messa in liquidazione della societ\u00e0 e il conseguente annuncio, confermato il 4 luglio, del licenziamento di 540 dipendenti in tutta Italia.<\/p>\n<p>Si tratta di Gorillas, start up di delivery che \u00e8 nata e ha prosperato durante la pandemia al motto \u201cti portiamo la spesa dove vuoi, in un attimo\u201d, assicurando consegne a domicilio entro 10 minuti dall\u2019ordine e diventando cos\u00ec, in poco tempo, una forte concorrente non solo per le aziende di food delivery pi\u00f9 conosciute ma anche per i supermercati con consegna a domicilio. Diffusa in tutto il globo, in Italia \u00e8 presente in 5 citt\u00e0: Roma, Torino, Milano, Firenze e Bergamo. Quasi tutti i dipendenti sono a tempo determinato tranne i 75 assuntia tempo indeterminato per i quali \u00e8 scattata la procedura di licenziamento collettivo. A Milano i dipendenti sono circa 130.<\/p>\n<p>\u201cLa decisione di Gorillas \u00e8 inaccettabile \u2013 sottolinea Ferdinando Sannino, Vice Segretario FIT CISL Monza Brianza Lecco che detiene la delega del regionale FIT per la rappresentanza dei rider \u201ci lavoratori vengono lasciati a casa senza alcun rispetto e senza tentare di trovare soluzioni alternative che, considerando la tipologia di mercato in grande espansione in cui opera, sono certamente individuabili. Per questo motivo ci riserviamo di contestare tale decisione della startup, chiedendo formalmente un incontro presso l\u2019Ambasciata della Repubblica Federale di Germania a Roma\u201d.<\/p>\n<p>\u201cQuesto episodio ripropone il dibattito su come tali piattaforme di food delivery si insedino nel nostro Paese in assenza di chiare e definite regole che tutelino le lavoratrici e i lavoratori. Siamo certi che il Ministero del Lavoro si interesser\u00e0 alla vicenda pertanto, nei prossimi giorni, chiederemo un incontro ufficiale al Ministro Orlando per affrontare l\u2019incresciosa questione. A seguito della conferma dei licenziamenti annunciati \u2013 conclude Sannino \u2013 stiamo valutando tutte le possibili soluzioni affinch\u00e9 vengano salvaguardati i livelli occupazionali e il reddito delle 540 persone\u201d.<\/p>\n<p>&nbsp;<\/p>\n<p><strong>\u00a0<\/strong><\/p>\n","protected":false},"excerpt":{"rendered":"<p>Gorillas lascia il mercato italiano e manda a casa 540 lavoratori Solo poco pi\u00f9 di due mesi fa avevano firmato il passaggio al CCNL di settore della Logistica, Trasporto merci e Spedizione e un accordo per la stabilizzazione dei rapporti di lavoro a tempo determinato, il 50% entro maggio e il restante 50% entro l\u2019anno. [&hellip;]<\/p>\n","protected":false},"author":5,"featured_media":12334,"comment_status":"closed","ping_status":"open","sticky":false,"template":"","format":"standard","meta":{"footnotes":""},"categories":[1],"tags":[943,431,76],"class_list":{"0":"post-12333","1":"post","2":"type-post","3":"status-publish","4":"format-standard","5":"has-post-thumbnail","7":"category-notizie","8":"tag-gorillas","9":"tag-licenziamenti","10":"tag-rider","11":"czr-hentry"},"_links":{"self":[{"href":"https:\/\/www.monzalecco.lombardia.cisl.it\/index.php?rest_route=\/wp\/v2\/posts\/12333","targetHints":{"allow":["GET"]}}],"collection":[{"href":"https:\/\/www.monzalecco.lombardia.cisl.it\/index.php?rest_route=\/wp\/v2\/posts"}],"about":[{"href":"https:\/\/www.monzalecco.lombardia.cisl.it\/index.php?rest_route=\/wp\/v2\/types\/post"}],"author":[{"embeddable":true,"href":"https:\/\/www.monzalecco.lombardia.cisl.it\/index.php?rest_route=\/wp\/v2\/users\/5"}],"replies":[{"embeddable":true,"href":"https:\/\/www.monzalecco.lombardia.cisl.it\/index.php?rest_route=%2Fwp%2Fv2%2Fcomments&post=12333"}],"version-history":[{"count":1,"href":"https:\/\/www.monzalecco.lombardia.cisl.it\/index.php?rest_route=\/wp\/v2\/posts\/12333\/revisions"}],"predecessor-version":[{"id":12335,"href":"https:\/\/www.monzalecco.lombardia.cisl.it\/index.php?rest_route=\/wp\/v2\/posts\/12333\/revisions\/12335"}],"wp:featuredmedia":[{"embeddable":true,"href":"https:\/\/www.monzalecco.lombardia.cisl.it\/index.php?rest_route=\/wp\/v2\/media\/12334"}],"wp:attachment":[{"href":"https:\/\/www.monzalecco.lombardia.cisl.it\/index.php?rest_route=%2Fwp%2Fv2%2Fmedia&parent=12333"}],"wp:term":[{"taxonomy":"category","embeddable":true,"href":"https:\/\/www.monzalecco.lombardia.cisl.it\/index.php?rest_route=%2Fwp%2Fv2%2Fcategories&post=12333"},{"taxonomy":"post_tag","embeddable":true,"href":"https:\/\/www.monzalecco.lombardia.cisl.it\/index.php?rest_route=%2Fwp%2Fv2%2Ftags&post=12333"}],"curies":[{"name":"wp","href":"https:\/\/api.w.org\/{rel}","templated":true}]}}