{"id":12343,"date":"2022-07-13T17:27:04","date_gmt":"2022-07-13T15:27:04","guid":{"rendered":"https:\/\/www.monzalecco.lombardia.cisl.it\/?p=12343"},"modified":"2022-07-13T17:28:04","modified_gmt":"2022-07-13T15:28:04","slug":"esiti-incontro-con-il-presidente-draghi","status":"publish","type":"post","link":"https:\/\/www.monzalecco.lombardia.cisl.it\/?p=12343","title":{"rendered":"Esito incontro con il Presidente Draghi"},"content":{"rendered":"<p><span style=\"font-size: 14pt;\"><strong>Dl Aiuti. Sbarra: \u201cIncontro positivo. Dal Governo l\u2019impegno ad un confronto permanente con le parti sociali su misure per affrontare emergenza\u201d<\/strong><\/span><\/p>\n<p>\u201cE\u2019 stato un incontro positivo, secondo noi potenzialmente decisivo, in cui\u00a0il governo si \u00e8 impegnato a mettere in campo un confronto strutturato e permanente con le parti sociali\u00a0raccogliendo e condividendo la nostra impostazione per governare l\u2019emergenza, con misure legislative finanziarie che il Governo conta di deliberare prima della pausa estiva, finalizzate a salvaguardare e a tutelare il potere d\u2019acquisto di salari, pensioni e reddito delle famiglie, considerato l\u2019alto tasso di inflazione che si \u00e8 registrato a luglio e l\u2019aumento dei prezzi e tariffe per quanto riguarda l\u2019energia e i beni alimentari\u201d. Lo ha dichiarato il\u00a0Segretario generale della Cisl, Luigi Sbarra, al termine dell\u2019incontro con il Governo a Palazzo Chigi. \u201cAbbiamo chiesto \u2013 ha proseguito Sbarra \u2013 di prorogare le misure messe in campo negli ultimi decreti: il taglio sulle accise dei carburanti, di allargare la platea dei beneficiari degli sconti in bolletta e valutare la possibilit\u00e0 di prorogare nei prossimi mesi il bonus dei 200 euro, recuperando quei lavoratori e lavoratrici stagionali, precari, autonomi. Pensiamo agli operai agricoli, ai somministrati, ai lavoratori dello spettacolo, agli insegnanti pubblici che sono stati tolti dal decreto aiuti\u201d.<\/p>\n<p>\u201cBisogna fare un intervento forte e deciso sulla riduzione del cuneo fiscale per quanto riguarda la componente lavoro, per aumentare il netto in busta paga, assicurare la piena rivalutazione delle pensioni rispetto all\u2019inflazione, detassare i frutti della contrattazione di secondo livello, sulla produttivit\u00e0, sul welfare, sul lavoro notturno, sulle maggiorazioni. Bisogna inoltre valutare la possibilit\u00e0 di garantire l\u2019azzeramento dell\u2019iva su beni e acquisti di largo consumo per famiglie in difficolt\u00e0. Il Governo deve impegnarsi a mettere sotto controllo prezzi e tariffe toccate anche dalla speculazione. In una parola \u2013 spiega ancora Sbarra \u2013 prima della pausa estiva il Governo \u00e8 impegnato ad approntare un nuovo decreto con misure a sostegno del potere d\u2019acquisto di salari, pensioni e famiglie\u201d.<\/p>\n<p>Quanto alle risorse \u201cper finanziare e dare copertura a questi interventi\u201d Sbarra ha spiegato che \u201c\u00e8 possibile rinvenirle attraverso un ulteriore aumento della tassazione sugli extra-profitti delle imprese energetiche, allargando anche la tassazione alle multinazionali della logistica e dell\u2019economia digitale, reinvestendo l\u2019extra-gettito Iva che sta entrando copiosamente per effetto dell\u2019aumento dell\u2019inflazione. Bisogna inoltre destinare alla riduzione delle tasse per famiglie, lavoratori dipendenti e pensionati, tutto ci\u00f2 che entra dalla lotta all\u2019evasione fiscale. Abbiamo inoltre sollecitato di valutare entro dicembre la possibilit\u00e0 di procedere anche ad uno scostamento di bilancio\u201d.<\/p>\n<p>\u201cC\u2019\u00e8 convergenza per affrontare questo tema, insieme, legato all\u2019emergenza. Poi c\u2019\u00e8 il tema di come dare strutturalit\u00e0 a questi interventi e come costruiamo le condizioni per un progetto condiviso e partecipato che guardi al medio e lungo periodo. Il Presidente del Consiglio non esclude la possibilit\u00e0 di lavorare ad un patto sociale per mettere dentro i percorsi di attuazione del Pnrr, di parlare di nuova politica industriale, di politica energetica e di Mezzogiorno. Noi abbiamo aggiunto anche la necessit\u00e0 di parlare di pensioni, arrivando ad un accordo prima della fine dell\u2019anno, sul tema.. Come assicurare una pensione contributiva di garanzia per i giovani e le donne; come incentivare l\u2019adesione alla previdenza complementare , come dare strutturalit\u00e0 all\u2019Ape sociale e come negoziare misure di flessibilit\u00e0 in uscita dal mercato del lavoro evitando il rischio che dal 1\u00b0 gennaio 2023 si presenti questo odioso, pesante scalone di 5 anni rispetto all\u2019et\u00e0 della pensione di vecchiaia. Vogliamo inoltre discutere di non autosufficienza, di politiche sociali, di riduzione delle tasse. Queste sono le condizioni \u2013 ha concluso il leader della Cisl \u2013 che il Governo si \u00e8 impegnato a condividere, a negoziare, a discutere con le parti sociali in un percorso di confronto e di dialogo. Il prossimo incontro sar\u00e0 sicuramente tra il 26 e il 27 luglio, quindi prima della pausa estiva perch\u00e9 il Governo si \u00e8 impegnato, prima di andare in Consiglio dei Ministri , a discutere, a condividere con le parti sociali i contenuti delle nuove misure per sostenere e tutelare il potere di acquisto di salari, pensioni e reddito delle famiglie\u201d.<\/p>\n","protected":false},"excerpt":{"rendered":"<p>Dl Aiuti. Sbarra: \u201cIncontro positivo. Dal Governo l\u2019impegno ad un confronto permanente con le parti sociali su misure per affrontare emergenza\u201d \u201cE\u2019 stato un incontro positivo, secondo noi potenzialmente decisivo, in cui\u00a0il governo si \u00e8 impegnato a mettere in campo un confronto strutturato e permanente con le parti sociali\u00a0raccogliendo e condividendo la nostra impostazione per [&hellip;]<\/p>\n","protected":false},"author":5,"featured_media":12344,"comment_status":"closed","ping_status":"open","sticky":false,"template":"","format":"standard","meta":{"footnotes":""},"categories":[1],"tags":[899,946,945],"class_list":{"0":"post-12343","1":"post","2":"type-post","3":"status-publish","4":"format-standard","5":"has-post-thumbnail","7":"category-notizie","8":"tag-decreto-aiuti","9":"tag-governo","10":"tag-incontro-draghi","11":"czr-hentry"},"_links":{"self":[{"href":"https:\/\/www.monzalecco.lombardia.cisl.it\/index.php?rest_route=\/wp\/v2\/posts\/12343","targetHints":{"allow":["GET"]}}],"collection":[{"href":"https:\/\/www.monzalecco.lombardia.cisl.it\/index.php?rest_route=\/wp\/v2\/posts"}],"about":[{"href":"https:\/\/www.monzalecco.lombardia.cisl.it\/index.php?rest_route=\/wp\/v2\/types\/post"}],"author":[{"embeddable":true,"href":"https:\/\/www.monzalecco.lombardia.cisl.it\/index.php?rest_route=\/wp\/v2\/users\/5"}],"replies":[{"embeddable":true,"href":"https:\/\/www.monzalecco.lombardia.cisl.it\/index.php?rest_route=%2Fwp%2Fv2%2Fcomments&post=12343"}],"version-history":[{"count":2,"href":"https:\/\/www.monzalecco.lombardia.cisl.it\/index.php?rest_route=\/wp\/v2\/posts\/12343\/revisions"}],"predecessor-version":[{"id":12346,"href":"https:\/\/www.monzalecco.lombardia.cisl.it\/index.php?rest_route=\/wp\/v2\/posts\/12343\/revisions\/12346"}],"wp:featuredmedia":[{"embeddable":true,"href":"https:\/\/www.monzalecco.lombardia.cisl.it\/index.php?rest_route=\/wp\/v2\/media\/12344"}],"wp:attachment":[{"href":"https:\/\/www.monzalecco.lombardia.cisl.it\/index.php?rest_route=%2Fwp%2Fv2%2Fmedia&parent=12343"}],"wp:term":[{"taxonomy":"category","embeddable":true,"href":"https:\/\/www.monzalecco.lombardia.cisl.it\/index.php?rest_route=%2Fwp%2Fv2%2Fcategories&post=12343"},{"taxonomy":"post_tag","embeddable":true,"href":"https:\/\/www.monzalecco.lombardia.cisl.it\/index.php?rest_route=%2Fwp%2Fv2%2Ftags&post=12343"}],"curies":[{"name":"wp","href":"https:\/\/api.w.org\/{rel}","templated":true}]}}