{"id":12446,"date":"2022-09-10T11:37:08","date_gmt":"2022-09-10T09:37:08","guid":{"rendered":"https:\/\/www.monzalecco.lombardia.cisl.it\/?p=12446"},"modified":"2022-09-10T11:37:33","modified_gmt":"2022-09-10T09:37:33","slug":"genitorialita-condivisa-contro-la-discriminazione-di-genere","status":"publish","type":"post","link":"https:\/\/www.monzalecco.lombardia.cisl.it\/?p=12446","title":{"rendered":"Genitorialit\u00e0 condivisa contro la discriminazione di genere"},"content":{"rendered":"<p style=\"font-weight: 400;\">La lotta alla discriminazione di genere non pu\u00f2 prescindere da una vera, concreta ed effettiva condivisione della genitorialit\u00e0 che veda la figura paterna parte attiva nella cura dei minori, anche attraverso l&#8217;uso di permessi, congedi, smart working o di diverse articolazioni orarie che favoriscano la conciliazione tra vita lavorativa e familiare.<\/p>\n<p>E&#8217; questa la convinzione comune che ha portato ieri a Lecco alla\u00a0sottoscrizione della <strong>prima dichiarazione d\u2019intenti in Italia sulla genitorialit\u00e0 condivisa<\/strong>, proposta dalla <strong>Consigliera di Parit\u00e0 della Provincia di Lecco Marianna Ciambrone<\/strong> (<a href=\"https:\/\/youtu.be\/7AL3Kk6sLTQ\" target=\"_blank\" rel=\"noopener\">guarda l&#8217;intervista di UnicaTV<\/a>) e accolta con entusiasmo dalle associazioni imprenditoriali e sindacali del territorio.<\/p>\n<p><b>Tra i firmatari anche la CISL Monza Brianza Lecco\u00a0rappresentata per l&#8217;occasione dalla Segretaria Annalisa Caron<em> &#8220;<\/em><\/b><em>La dichiarazione d&#8217;intenti nasce dalla preoccupazione derivante dalla crescita sostenuta del numero di dimissioni presentate presso la ITL da donne che non riescono a conciliare i tempi di lavoro con quelli di cura&#8221; \u00a0<\/em>ha spiegato Caron. <em>&#8220;Molto spesso le donne sono sole nella gestione dei figli piccoli.\u00a0Anche se i congedi e le misure a disposizione dei padri vengono rafforzati e ampliati (si veda anche l&#8217;ultimo decreto) sono ancora pochi quelli che vi accedono.\u00a0Le resistenze culturali sono purtroppo ancora molte&#8221;.\u00a0<\/em><\/p>\n<p><em>&#8220;L&#8217;auspicio&#8221;<\/em> secondo annalisa Caron <em>&#8220;\u00e8 che con la realizzazione delle misure dirette e indirette per il contrasto al divario di genere si riesca nel medio periodo ad accrescere la presenza femminile nel mondo del lavoro, si riduca il gap salariale e si modifichi la cultura per quanto riguarda i rapporti all&#8217;interno del nucleo familiare.\u00a0Solo cos\u00ec si pu\u00f2 sperare che le donne possano conciliare i tempi di vita e lavoro e vivere la maternit\u00e0 con pi\u00f9 serenit\u00e0 e non come una fase importante e felice della propria vita che al contempo per\u00f2 comporta per molte una riduzione o addirittura una compromissione delle aspettative di crescita in ambito lavorativo e professionale&#8221;.<\/em><\/p>\n<p>Con la sottoscrizione della dichiarazione di intenti le parti firmatarie si sono impegnate a\u00a0promuovere la cultura della genitorialit\u00e0 condivisa, ognuno per le sue competenze nei confronti dei propri iscritti proponendo, ad esempio, che le eventuali richieste di rimodulazione organizzativa degli orari siano condivise tra i due datori di lavoro, paterno e materno, e a\u00a0convocare, in sede di eventuali conciliazioni a tavoli istituzionali,\u00a0entrambe le aziende titolari di rapporti di lavoro al fine di cercare soluzioni di conciliazione condivise che, dunque, non gravino esclusivamente su un solo datore di lavoro.<\/p>\n<p><a href=\"https:\/\/www.monzalecco.lombardia.cisl.it\/wp-content\/uploads\/2022\/09\/Dichiarazione-dIntenti_Genitorialita-Condivisa.pdf\">Dichiarazione d&#8217;Intenti_Genitorialit\u00e0 Condivisa<\/a><\/p>\n","protected":false},"excerpt":{"rendered":"<p>La lotta alla discriminazione di genere non pu\u00f2 prescindere da una vera, concreta ed effettiva condivisione della genitorialit\u00e0 che veda la figura paterna parte attiva nella cura dei minori, anche attraverso l&#8217;uso di permessi, congedi, smart working o di diverse articolazioni orarie che favoriscano la conciliazione tra vita lavorativa e familiare. E&#8217; questa la convinzione [&hellip;]<\/p>\n","protected":false},"author":5,"featured_media":12448,"comment_status":"closed","ping_status":"open","sticky":false,"template":"","format":"standard","meta":{"footnotes":""},"categories":[1],"tags":[969,968,959,960],"class_list":{"0":"post-12446","1":"post","2":"type-post","3":"status-publish","4":"format-standard","5":"has-post-thumbnail","7":"category-notizie","8":"tag-gap-salariale","9":"tag-genitorialita-condivisa","10":"tag-maternita","11":"tag-paternita","12":"czr-hentry"},"_links":{"self":[{"href":"https:\/\/www.monzalecco.lombardia.cisl.it\/index.php?rest_route=\/wp\/v2\/posts\/12446","targetHints":{"allow":["GET"]}}],"collection":[{"href":"https:\/\/www.monzalecco.lombardia.cisl.it\/index.php?rest_route=\/wp\/v2\/posts"}],"about":[{"href":"https:\/\/www.monzalecco.lombardia.cisl.it\/index.php?rest_route=\/wp\/v2\/types\/post"}],"author":[{"embeddable":true,"href":"https:\/\/www.monzalecco.lombardia.cisl.it\/index.php?rest_route=\/wp\/v2\/users\/5"}],"replies":[{"embeddable":true,"href":"https:\/\/www.monzalecco.lombardia.cisl.it\/index.php?rest_route=%2Fwp%2Fv2%2Fcomments&post=12446"}],"version-history":[{"count":2,"href":"https:\/\/www.monzalecco.lombardia.cisl.it\/index.php?rest_route=\/wp\/v2\/posts\/12446\/revisions"}],"predecessor-version":[{"id":12450,"href":"https:\/\/www.monzalecco.lombardia.cisl.it\/index.php?rest_route=\/wp\/v2\/posts\/12446\/revisions\/12450"}],"wp:featuredmedia":[{"embeddable":true,"href":"https:\/\/www.monzalecco.lombardia.cisl.it\/index.php?rest_route=\/wp\/v2\/media\/12448"}],"wp:attachment":[{"href":"https:\/\/www.monzalecco.lombardia.cisl.it\/index.php?rest_route=%2Fwp%2Fv2%2Fmedia&parent=12446"}],"wp:term":[{"taxonomy":"category","embeddable":true,"href":"https:\/\/www.monzalecco.lombardia.cisl.it\/index.php?rest_route=%2Fwp%2Fv2%2Fcategories&post=12446"},{"taxonomy":"post_tag","embeddable":true,"href":"https:\/\/www.monzalecco.lombardia.cisl.it\/index.php?rest_route=%2Fwp%2Fv2%2Ftags&post=12446"}],"curies":[{"name":"wp","href":"https:\/\/api.w.org\/{rel}","templated":true}]}}