{"id":12452,"date":"2022-09-13T19:19:06","date_gmt":"2022-09-13T17:19:06","guid":{"rendered":"https:\/\/www.monzalecco.lombardia.cisl.it\/?p=12452"},"modified":"2022-09-13T19:19:22","modified_gmt":"2022-09-13T17:19:22","slug":"lagenda-cisl-per-il-nuovo-governo","status":"publish","type":"post","link":"https:\/\/www.monzalecco.lombardia.cisl.it\/?p=12452","title":{"rendered":"L&#8217;agenda CISL per il nuovo Governo"},"content":{"rendered":"<p>Questa mattina il Segretario Generale, Luigi Sbarra, ha presentato alla stampa\u00a0l\u2019Agenda Cisl per il nuovo Governo\u00a0dal titolo \u2018Ripartire insieme&#8221; (<a href=\"https:\/\/www.monzalecco.lombardia.cisl.it\/wp-content\/uploads\/2022\/09\/Agenda-CISL-per-il-nuovo-Governo.pdf\" target=\"_blank\" rel=\"noopener\">scarica il testo completo<\/a>.)<\/p>\n<p>\u201cUn programma in 12 punti \u201cper rilanciare lavoro e coesione, investimenti e produttivit\u00e0, inclusione e politiche sociali, contrattazione e partecipazione\u201d. Si intitola Ripartire insieme, l\u2019Agenda Cisl per il nuovo Governo la piattaforma presentata oggi alla stampa dal leader della confederazione di via Po, Luigi Sbarra. \u201cUna road map che consegniamo a chi sar\u00e0 chiamato a guidare il Paese dopo il 25 settembre, nella consapevolezza che per realizzare innovazioni stabili ed eque bisogna lavorare in un clima di concertazione e corresponsabilit\u00e0 sociale\u201d.<\/p>\n<p>Nell\u2019illustrarne i contenuti, Sbarra ha posto l\u2019accento sulle emergenze in cui versa il Paese. \u201cL\u2019escalation dei prezzi mette a rischio oltre un milione di posti di lavoro in tutti i settori. Un incendio che va spento con misure d\u2019urgenza\u201d. In Europa, afferma Sbarra, \u201cdobbiamo conquistare un price-cap, realizzare un nuovo Recovery che punti alla sovranit\u00e0 energetica continentale, rifinanziare il Fondo Sure e applicare una minimum tax alle multinazionali\u201d.<br \/>\nSul piano nazionale serve subito un nuovo decreto \u201cche assicuri sostegni a imprese e famiglie, lavoratori e pensionati\u00a0\u00a0 e metta in campo una nuova cassa integrazione scontata per le aziende che non licenziano. integrazione al reddito delle persone, un tetto sociale al costo dell\u2019elettricit\u00e0, l\u2019azzeramento Iva sugli acquisti di beni di largo consumo per le fasce deboli. Vanno accelerati gli investimenti sulle infrastrutture energetiche a partire da rigassificatori, termovalizzatori, maggiore estrazione di gas, combustibili verdi , rinnovabili\u201d .\u00a0 E il tema delle risorse \u201cnon pu\u00f2 diventare un alibi: si alzi ulteriormente il prelievo sugli extra profitti, si redistribuisca l\u2019extra gettito IVA, si reinvestano risorse allocati su decreti inattuati e si valuti, ove necessario, anche uno scostamento. Quello che non mettiamo oggi sulla coesione, rischiamo di pagarlo domani moltiplicato per tre in termini di spesa asistenziale\u201d.<br \/>\nAl centro dell\u2019Agenda Cisl \u201cil protagonismo e il valore sociale del lavoro privato e pubblico, attraverso la piena realizzazione degli obiettivi del PNRR e di investimenti condizionati a nuova e buona occupazione, specialmente giovanile e femminile, applicazione dei contratti leader, rilancio della formazione e delle competenze\u201d. Lavoro di qualit\u00e0 \u201cvuol dire lavoro sicuro, con un piano nazionale contro le morti e gli infortuni, perch\u00e9 mentre la politica si accapiglia vediamo come quotidianamente nelle fabbriche, sui campi e nei cantieri continuano a morire pi\u00f9 di tre persone al giorno\u201d. Serve poi \u201cun nuovo \u201cStatuto della persona nel mercato del lavoro che assicuri a tutti, al di l\u00e0 della tipologia contrattuale, transizioni tutelate, sostegno al reddito e politiche attive\u201d. La previdenza \u201cva riformata su criteri di sostenibilit\u00e0 sociale, flessibilit\u00e0 in uscita, maggiore inclusivit\u00e0 per giovani e donne\u201d, mentre per il sistema fiscale \u201cindichiamo la via di una riforma complessiva che sgravi le fasce medie e popolari del lavoro e delle pensioni, rispettando il principio di progressivit\u00e0\u201d. La revisione del fisco \u00e8 un tassello di una nuova politica dei redditi che richiede \u201cun accordo triangolare che metta al centro la contrattazione, elevi e riallochi la produttivit\u00e0, azzeri le tasse sui frutti della contrattazione di secondo livello\u201d. Salari minimi legali \u201cnon solo non risolverebbero il problema, ma porterebbero milioni di persone nel sommerso o fuori dai buoni contratti. Dobbiamo aumentare salari, stipendi e retribuzioni sostenendo e rafforzando la contrattazione e la bilateralit\u00e0 e tagliando le tasse sul lavoro\u201d. Altrettanto importanti sono per il leader Cisl \u201cnuove politiche industriali, infrastrutturali ed energetiche che superino i veti del passato, il rilancio delle politiche sociali e per la famiglia, maggiore attenzione all\u2019anzianit\u00e0 e alla disabilit\u00e0 con una nuova legge sulla non autosufficienza, la stabilizzazione e il potenziamento degli organici nella pubblica amministrazione, nella sanit\u00e0, nella scuola, nella ricerca e nell\u2019universit\u00e0, il riscatto del Mezzogiorno, politiche per l\u2019immigrazione pi\u00f9 inclusive che puntino alla revisione del Trattato di Dublino , come pure una revisione della\u00a0 riforma del TitoloV che rafforzi la coesione territoriale\u201d.<br \/>\n\u201cC\u2019\u00e8 un progetto-Paese da definire con il fronte sociale riformatore, un riscatto da guadagnare insieme a una \u2018societ\u00e0 che governa\u2019 e che presuppone anche una svolta sulla partecipazione dei lavoratori nelle decisioni e negli utili d\u2019impresa. Dobbiamo ritrovarci in questo perimetro senza sterili antagonismi, esercitando responsabilit\u00e0 per costruire il bene comune e il futuro delle nuove generazioni\u201d, conclude Sbarra.<\/p>\n<p>&nbsp;<\/p>\n<p>&nbsp;<\/p>\n<p>&nbsp;<\/p>\n","protected":false},"excerpt":{"rendered":"<p>Questa mattina il Segretario Generale, Luigi Sbarra, ha presentato alla stampa\u00a0l\u2019Agenda Cisl per il nuovo Governo\u00a0dal titolo \u2018Ripartire insieme&#8221; (scarica il testo completo.) \u201cUn programma in 12 punti \u201cper rilanciare lavoro e coesione, investimenti e produttivit\u00e0, inclusione e politiche sociali, contrattazione e partecipazione\u201d. Si intitola Ripartire insieme, l\u2019Agenda Cisl per il nuovo Governo la piattaforma [&hellip;]<\/p>\n","protected":false},"author":5,"featured_media":12455,"comment_status":"closed","ping_status":"open","sticky":false,"template":"","format":"standard","meta":{"footnotes":""},"categories":[1],"tags":[970,971,946],"class_list":{"0":"post-12452","1":"post","2":"type-post","3":"status-publish","4":"format-standard","5":"has-post-thumbnail","7":"category-notizie","8":"tag-agenda-cisl","9":"tag-elezioni-2022","10":"tag-governo","11":"czr-hentry"},"_links":{"self":[{"href":"https:\/\/www.monzalecco.lombardia.cisl.it\/index.php?rest_route=\/wp\/v2\/posts\/12452","targetHints":{"allow":["GET"]}}],"collection":[{"href":"https:\/\/www.monzalecco.lombardia.cisl.it\/index.php?rest_route=\/wp\/v2\/posts"}],"about":[{"href":"https:\/\/www.monzalecco.lombardia.cisl.it\/index.php?rest_route=\/wp\/v2\/types\/post"}],"author":[{"embeddable":true,"href":"https:\/\/www.monzalecco.lombardia.cisl.it\/index.php?rest_route=\/wp\/v2\/users\/5"}],"replies":[{"embeddable":true,"href":"https:\/\/www.monzalecco.lombardia.cisl.it\/index.php?rest_route=%2Fwp%2Fv2%2Fcomments&post=12452"}],"version-history":[{"count":1,"href":"https:\/\/www.monzalecco.lombardia.cisl.it\/index.php?rest_route=\/wp\/v2\/posts\/12452\/revisions"}],"predecessor-version":[{"id":12456,"href":"https:\/\/www.monzalecco.lombardia.cisl.it\/index.php?rest_route=\/wp\/v2\/posts\/12452\/revisions\/12456"}],"wp:featuredmedia":[{"embeddable":true,"href":"https:\/\/www.monzalecco.lombardia.cisl.it\/index.php?rest_route=\/wp\/v2\/media\/12455"}],"wp:attachment":[{"href":"https:\/\/www.monzalecco.lombardia.cisl.it\/index.php?rest_route=%2Fwp%2Fv2%2Fmedia&parent=12452"}],"wp:term":[{"taxonomy":"category","embeddable":true,"href":"https:\/\/www.monzalecco.lombardia.cisl.it\/index.php?rest_route=%2Fwp%2Fv2%2Fcategories&post=12452"},{"taxonomy":"post_tag","embeddable":true,"href":"https:\/\/www.monzalecco.lombardia.cisl.it\/index.php?rest_route=%2Fwp%2Fv2%2Ftags&post=12452"}],"curies":[{"name":"wp","href":"https:\/\/api.w.org\/{rel}","templated":true}]}}