{"id":12614,"date":"2022-09-27T17:21:57","date_gmt":"2022-09-27T15:21:57","guid":{"rendered":"https:\/\/www.monzalecco.lombardia.cisl.it\/?p=12614"},"modified":"2022-09-27T17:21:57","modified_gmt":"2022-09-27T15:21:57","slug":"staffetta-della-legalita-capolinea-venerdi-a-lecco","status":"publish","type":"post","link":"https:\/\/www.monzalecco.lombardia.cisl.it\/?p=12614","title":{"rendered":"Staffetta della legalit\u00e0: capolinea venerd\u00ec a Lecco"},"content":{"rendered":"<p style=\"font-weight: 400;\">Il <strong>30 settembre a Lecco<\/strong> si svolger\u00e0 l&#8217;ultima tappa della &#8220;<strong>Staffetta della Legalit\u00e0&#8221;<\/strong> organizzata dalla <strong>FAI CISL Nazionale\u00a0<\/strong>nel trentennale delle stragi mafiose di Capaci e via D&#8217;Amelio\u00a0per ricordare i valori di giustizia, impegno civile e coraggio che i giudici Falcone e Borsellino lasciarono in eredit\u00e0.<\/p>\n<p style=\"font-weight: 400;\">La staffetta &#8211; partita luned\u00ec 26 settembre &#8211; unir\u00e0 simbolicamente le citt\u00e0 di Palermo, Milano e Lecco ed\u00a0ha come protagonista l&#8217;<strong>ulivo di Via D\u2019Amelio<\/strong>, riprodotto con una potatura denominata &#8220;<strong>margotta<\/strong>&#8221; che ne consentir\u00e0 la ripiantumazione\u00a0nel giardino dell\u2019<strong>Istituto Maria Ausiliatrice<\/strong>\u00a0di <strong>Lecco<\/strong> durante la cerimonia prevista per <strong>venerd\u00ec 30 settembre dalle ore 9.30.<\/strong><\/p>\n<p style=\"font-weight: 400;\">La piantina \u00e8 partita con i furgoni della campagna Fai-Cisl &#8220;tutele in movimento&#8221;, utilizzati per l&#8217;assistenza dei braccianti. <strong>Mercoled\u00ec 28 settembre sar\u00e0 in Vaticano per la benedizione di Papa Francesco,<\/strong> il <strong>29 a Milano, dove si terr\u00e0 una cerimonia con il Segretario Generale della Cisl, Luigi Sbarra, Mons. Franco Agnesi, e Fiammetta Borsellino.<\/strong><\/p>\n<p style=\"font-weight: 400;\">\n<p style=\"font-weight: 400;\"><strong>LE TAPPE DELLA STAFFETTA DELLA LEGALIT\u00c0<\/strong><br \/>\n\ud83d\udccd26 settembre, Palermo<br \/>\n\ud83d\udccd28 settembre, Roma per la benedizione di <strong>Papa Francesco<\/strong><br \/>\n\ud83d\udccd29 settembre, Milano per la cerimonia con il Segretario Generale della Cisl, <strong>Luigi Sbarra,<\/strong> Mons. Franco Agnesi, e Fiammetta Borsellino<br \/>\n\ud83d\udccd30 settembre, Lecco \u2013 messa a dimora del nuovo ulivo nel giardino dell\u2019Istituto Maria Ausiliatrice con la presenza di oltre 800 studenti.<\/p>\n<p style=\"font-weight: 400;\">Scarica il <a href=\"https:\/\/www.monzalecco.lombardia.cisl.it\/wp-content\/uploads\/2022\/09\/Programma-staffetta-della-legalita.pdf\" target=\"_blank\" rel=\"noopener\">programma completo<\/a><\/p>\n","protected":false},"excerpt":{"rendered":"<p>Il 30 settembre a Lecco si svolger\u00e0 l&#8217;ultima tappa della &#8220;Staffetta della Legalit\u00e0&#8221; organizzata dalla FAI CISL Nazionale\u00a0nel trentennale delle stragi mafiose di Capaci e via D&#8217;Amelio\u00a0per ricordare i valori di giustizia, impegno civile e coraggio che i giudici Falcone e Borsellino lasciarono in eredit\u00e0. La staffetta &#8211; partita luned\u00ec 26 settembre &#8211; unir\u00e0 simbolicamente [&hellip;]<\/p>\n","protected":false},"author":5,"featured_media":12617,"comment_status":"closed","ping_status":"open","sticky":false,"template":"","format":"standard","meta":{"footnotes":""},"categories":[1],"tags":[986,344,987,988,495,496],"class_list":{"0":"post-12614","1":"post","2":"type-post","3":"status-publish","4":"format-standard","5":"has-post-thumbnail","7":"category-notizie","8":"tag-borsellino","9":"tag-fai-cisl","10":"tag-giustizia","11":"tag-impegno-civile","12":"tag-legalita","13":"tag-mafia","14":"czr-hentry"},"_links":{"self":[{"href":"https:\/\/www.monzalecco.lombardia.cisl.it\/index.php?rest_route=\/wp\/v2\/posts\/12614","targetHints":{"allow":["GET"]}}],"collection":[{"href":"https:\/\/www.monzalecco.lombardia.cisl.it\/index.php?rest_route=\/wp\/v2\/posts"}],"about":[{"href":"https:\/\/www.monzalecco.lombardia.cisl.it\/index.php?rest_route=\/wp\/v2\/types\/post"}],"author":[{"embeddable":true,"href":"https:\/\/www.monzalecco.lombardia.cisl.it\/index.php?rest_route=\/wp\/v2\/users\/5"}],"replies":[{"embeddable":true,"href":"https:\/\/www.monzalecco.lombardia.cisl.it\/index.php?rest_route=%2Fwp%2Fv2%2Fcomments&post=12614"}],"version-history":[{"count":1,"href":"https:\/\/www.monzalecco.lombardia.cisl.it\/index.php?rest_route=\/wp\/v2\/posts\/12614\/revisions"}],"predecessor-version":[{"id":12618,"href":"https:\/\/www.monzalecco.lombardia.cisl.it\/index.php?rest_route=\/wp\/v2\/posts\/12614\/revisions\/12618"}],"wp:featuredmedia":[{"embeddable":true,"href":"https:\/\/www.monzalecco.lombardia.cisl.it\/index.php?rest_route=\/wp\/v2\/media\/12617"}],"wp:attachment":[{"href":"https:\/\/www.monzalecco.lombardia.cisl.it\/index.php?rest_route=%2Fwp%2Fv2%2Fmedia&parent=12614"}],"wp:term":[{"taxonomy":"category","embeddable":true,"href":"https:\/\/www.monzalecco.lombardia.cisl.it\/index.php?rest_route=%2Fwp%2Fv2%2Fcategories&post=12614"},{"taxonomy":"post_tag","embeddable":true,"href":"https:\/\/www.monzalecco.lombardia.cisl.it\/index.php?rest_route=%2Fwp%2Fv2%2Ftags&post=12614"}],"curies":[{"name":"wp","href":"https:\/\/api.w.org\/{rel}","templated":true}]}}