{"id":12646,"date":"2022-10-06T15:08:50","date_gmt":"2022-10-06T13:08:50","guid":{"rendered":"https:\/\/www.monzalecco.lombardia.cisl.it\/?p=12646"},"modified":"2022-10-06T15:10:48","modified_gmt":"2022-10-06T13:10:48","slug":"nadef-preoccupa-il-rallentamento-delleconomia","status":"publish","type":"post","link":"https:\/\/www.monzalecco.lombardia.cisl.it\/?p=12646","title":{"rendered":"NADEF: preoccupa l&#8217;acuirsi delle disuguaglianze"},"content":{"rendered":"<p style=\"font-weight: 400;\"><strong>Il commento del Segretario Generale della Cisl Monza Brianza Lecco, Mirco Scaccabarozzi<\/strong><\/p>\n<p style=\"font-weight: 400;\">La <strong>Nota di aggiornamento del Documento di Economia e Finanza<\/strong> (NADEF) 2022 del 29 settembre scorso, muove dal dato che registra i sei trimestri di crescita superiore alle aspettative dopo la profonda recessione del 2020, avanzamento che nel secondo trimestre di quest\u2019anno ha portato il PIL a superare di 0,6 punti percentuali il livello medio del 2019, con una ripresa sostenuta dai consumi, dagli investimenti e dalle esportazioni e, nei mesi pi\u00f9 recenti, dal turismo.<\/p>\n<p style=\"font-weight: 400;\">Questo ha avuto un impatto positivo sull&#8217;occupazione, che secondo l&#8217;indagine Istat sulle forze lavoro, in giugno e luglio \u00e8 risultata superiore ai 23,3 milioni, mentre il tasso di disoccupazione in luglio \u00e8 calato al 7,9%, il livello pi\u00f9 basso dal 2009 a oggi. Tuttavia manca del tutto nella Nota una analisi della qualit\u00e0 dell\u2019occupazione. Basti pensare che solo sul nostro territorio, sia a Lecco che a Monza, nel periodo compreso tra maggio e settembre ben oltre il 70% delle entrate sono state a termine, a tempo determinato o mediante altri contratti con durata predefinita, come risulta dalle rilevazioni del Sistema Informativo Excelsior.<\/p>\n<p style=\"font-weight: 400;\">Nonostante il consuntivo positivo, le prospettive economiche non appaiono favorevoli, a causa del peggioramento della fiducia delle imprese e della flessione di diversi indicatori congiunturali. Sono, infatti, in rallentamento l&#8217;economia europea e quella mondiale, con segnali di inversione del ciclo economico a causa dell&#8217;aumento dei prezzi dell&#8217;energia e dell&#8217;aumento del tasso di inflazione che ha indotto molte banche centrali ad adottare politiche monetarie restrittive. Anche la BCE, sia pure solo dopo alcuni mesi, ha seguito la via iniziata dalla Federal Reserve e dalla Bank of England.<\/p>\n<p style=\"font-weight: 400;\">L&#8217;aumento dei prezzi dell&#8217;energia ha prodotto, dopo dieci anni di avanzi della bilancia commerciale, un saldo negativo che comporta un trasferimento ingente di risorse verso i Paesi produttori di energia fattore che evidenzia, come sostiene la NADEF, l&#8217;urgenza della transizione ecologica. Nei primi sette mesi del 2022 si \u00e8 registrato un disavanzo di 13,7 mld, contro un surplus di 37,5 nel 2021, frutto di un disavanzo energetico passato da -19,4 a -60 miliardi.<\/p>\n<p style=\"font-weight: 400;\">Per effetto dell&#8217;inflazione si \u00e8 registrato un aumento oltre le previsioni delle entrate dello Stato, utilizzato per finanziare i vari provvedimenti varati in corso d&#8217;anno per calmierare gli effetti negativi dell&#8217;aumento del costo dell&#8217;energia su famiglie e imprese, senza modificare l&#8217;obiettivo programmatico di indebitamento netto. Gli interventi calmieratori di bollette e carburanti e gli aiuti alle famiglie nel 2022 ammontano a 57 miliardi, pari al 3% del PIL.<\/p>\n<p style=\"font-weight: 400;\">In merito al PNRR, la NADEF sottolinea come la sua attuazione stia procedendo secondo le tappe concordate con la Commissione Europea che ha dato il via libera all\u2019erogazione a favore dell\u2019Italia della seconda tranche di contributi e prestiti per 21 miliardi relativi ai 45 obiettivi conseguiti nel primo semestre dell\u2019 anno, alcuni dei quali riguardano progressi nell\u2019attuazione dell\u2019importante agenda di riforme contenute nel Piano, in particolare in materia di giustizia, pubblica a amministrazione e appalti. Significativi avanzamenti sono stati registrati, inoltre, per il conseguimento dei 55 obiettivi da completare entro il secondo semestre dell\u2019anno in corso.<\/p>\n<p style=\"font-weight: 400;\">L&#8217;inflazione al consumo, sensibilmente pi\u00f9 alta rispetto alle previsioni del DEF, mostra una traiettoria progressivamente discendente. Sotto la spinta dei beni energetici e alimentari l&#8217;inflazione ha continuato a salire raggiungendo il 9,1% tendenziale ad agosto.<\/p>\n<p style=\"font-weight: 400;\">La crescita dei prezzi energetici e dei prodotti alimentari si \u00e8 via via estesa agli altri beni portando l&#8217;inflazione di fondo al 4,9% tendenziale ad agosto. La previsione della NADEF \u00e8 per un inizio di discesa dei prezzi nella parte finale dell&#8217;anno.<\/p>\n<p style=\"font-weight: 400;\">Il saldo primario, ovvero la differenza tra le entrate e le spese delle amministrazioni pubbliche, escluse le spese per interessi passivi passa dal -3,7 del 2021 al -1,1 del 2022, con un risultato migliore rispetto al -2,1 previsto dal DEF. Complessivamente, pertanto, l&#8217;indebitamento scende dal -7,2 del 2021 al -5,1 del 2022 rispetto al -5,6 indicato nel DEF. Questo offre spazio per un intervento di circa 10 mld entro la fine dell&#8217;anno senza produrre nuovo deficit e senza necessit\u00e0 di chiedere autorizzazione al Parlamento come necessario in caso di uno scostamento.<\/p>\n<p style=\"font-weight: 400;\">Anche nel 2023 la Nadef presenta una previsione di indebitamento netto inferiore a quanto previsto dal DEF, -3,4 contro -3,9. Pure in questo caso si apre uno spazio di intervento di circa 10 miliardi senza aggravare il deficit. Il nuovo Governo parte quindi con una riserva disponibile di 10 miliardi.<\/p>\n<p style=\"font-weight: 400;\">Il rapporto tra debito e PIL \u00e8 previsto scendere dal 150,3% del 2021 al 145,4% del 2022 e poi al 139,3 del 2025, a livelli di circa 2 punti inferiori a quelli previsti dal DEF.<\/p>\n<p style=\"font-weight: 400;\">Il documento, nei fatti, \u00e8 una fotografia della situazione attuale e fornisce una previsione moderatamente ottimistica, soggetta a variabili non del tutto certe. Se i 10 mld che i dati di finanza pubblica rendono disponibili per i mesi restanti del 2022, potrebbero essere considerati dal Governo, con qualche sforzo sufficienti, non lo sono certamente quelli indicati per il 2023.<\/p>\n<p style=\"font-weight: 400;\">Va infatti considerato che, a prescindere da nuove misure prospettate in campagna elettorale, sono da rinnovare le misure contenute nei vari decreti approvati nel 2022 per sostenere le famiglie e le imprese a fronte della crescita dei prezzi energetici. Il problema, come risaputo, non \u00e8 stato certo risolto in modo definitivo, ma solo tamponato.<\/p>\n<p style=\"font-weight: 400;\">\u00c8 chiaro, pertanto, che la Legge di Bilancio dovr\u00e0 stanziare risorse per affrontare questi problemi e dovr\u00e0 indicare come trovarle senza aggravare il quadro delle disuguaglianze presenti nel nostro Paese, aprendo il confronto sui dossier importanti sintetizzati nella nostra Agenda Sociale, a partire da quelli del fisco e della previdenza, evitando di entrare in conflitto con l&#8217;Unione Europea.<\/p>\n<p style=\"font-weight: 400;\"><strong>\u00a0<\/strong><\/p>\n","protected":false},"excerpt":{"rendered":"<p>Il commento del Segretario Generale della Cisl Monza Brianza Lecco, Mirco Scaccabarozzi La Nota di aggiornamento del Documento di Economia e Finanza (NADEF) 2022 del 29 settembre scorso, muove dal dato che registra i sei trimestri di crescita superiore alle aspettative dopo la profonda recessione del 2020, avanzamento che nel secondo trimestre di quest\u2019anno ha [&hellip;]<\/p>\n","protected":false},"author":5,"featured_media":12648,"comment_status":"closed","ping_status":"open","sticky":false,"template":"","format":"standard","meta":{"footnotes":""},"categories":[1],"tags":[164,178,994,995,185,993],"class_list":{"0":"post-12646","1":"post","2":"type-post","3":"status-publish","4":"format-standard","5":"has-post-thumbnail","7":"category-notizie","8":"tag-def","9":"tag-economia","10":"tag-finanza","11":"tag-finanziaria","12":"tag-legge-di-bilancio","13":"tag-nadef","14":"czr-hentry"},"_links":{"self":[{"href":"https:\/\/www.monzalecco.lombardia.cisl.it\/index.php?rest_route=\/wp\/v2\/posts\/12646","targetHints":{"allow":["GET"]}}],"collection":[{"href":"https:\/\/www.monzalecco.lombardia.cisl.it\/index.php?rest_route=\/wp\/v2\/posts"}],"about":[{"href":"https:\/\/www.monzalecco.lombardia.cisl.it\/index.php?rest_route=\/wp\/v2\/types\/post"}],"author":[{"embeddable":true,"href":"https:\/\/www.monzalecco.lombardia.cisl.it\/index.php?rest_route=\/wp\/v2\/users\/5"}],"replies":[{"embeddable":true,"href":"https:\/\/www.monzalecco.lombardia.cisl.it\/index.php?rest_route=%2Fwp%2Fv2%2Fcomments&post=12646"}],"version-history":[{"count":2,"href":"https:\/\/www.monzalecco.lombardia.cisl.it\/index.php?rest_route=\/wp\/v2\/posts\/12646\/revisions"}],"predecessor-version":[{"id":12650,"href":"https:\/\/www.monzalecco.lombardia.cisl.it\/index.php?rest_route=\/wp\/v2\/posts\/12646\/revisions\/12650"}],"wp:featuredmedia":[{"embeddable":true,"href":"https:\/\/www.monzalecco.lombardia.cisl.it\/index.php?rest_route=\/wp\/v2\/media\/12648"}],"wp:attachment":[{"href":"https:\/\/www.monzalecco.lombardia.cisl.it\/index.php?rest_route=%2Fwp%2Fv2%2Fmedia&parent=12646"}],"wp:term":[{"taxonomy":"category","embeddable":true,"href":"https:\/\/www.monzalecco.lombardia.cisl.it\/index.php?rest_route=%2Fwp%2Fv2%2Fcategories&post=12646"},{"taxonomy":"post_tag","embeddable":true,"href":"https:\/\/www.monzalecco.lombardia.cisl.it\/index.php?rest_route=%2Fwp%2Fv2%2Ftags&post=12646"}],"curies":[{"name":"wp","href":"https:\/\/api.w.org\/{rel}","templated":true}]}}