{"id":12715,"date":"2022-10-21T11:18:03","date_gmt":"2022-10-21T09:18:03","guid":{"rendered":"https:\/\/www.monzalecco.lombardia.cisl.it\/?p=12715"},"modified":"2022-10-21T11:18:03","modified_gmt":"2022-10-21T09:18:03","slug":"celebrazione-70-fnp-cisl","status":"publish","type":"post","link":"https:\/\/www.monzalecco.lombardia.cisl.it\/?p=12715","title":{"rendered":"Celebrazione 70\u00b0 FNP CISL"},"content":{"rendered":"<p>Il 27 ottobre si terr\u00e0 una grande festa per celebrare il<strong> 70\u00b0 anniversario della fondazione della FNP CISL<\/strong>, la categoria sindacale dei pensionati della CISL. Sar\u00e0 il momento della memoria ma sar\u00e0 anche un momento per celebrare le persone che hanno fatto grande questa Federazione. Nondimeno sar\u00e0 occasione per progettare il futuro, un&#8217;occasione di riflessione per meglio affrontare le difficolt\u00e0 che ci attendono e le sfide di in una societ\u00e0 in profondo cambiamento.<\/p>\n<p><a href=\"https:\/\/youtu.be\/O8Abw3M12dc\" target=\"_blank\" rel=\"noopener\">Il video annuncio del Segretario Generale, Giorgio Galbusera<\/a><\/p>\n<p>&nbsp;<\/p>\n","protected":false},"excerpt":{"rendered":"<p>Il 27 ottobre si terr\u00e0 una grande festa per celebrare il 70\u00b0 anniversario della fondazione della FNP CISL, la categoria sindacale dei pensionati della CISL. Sar\u00e0 il momento della memoria ma sar\u00e0 anche un momento per celebrare le persone che hanno fatto grande questa Federazione. Nondimeno sar\u00e0 occasione per progettare il futuro, un&#8217;occasione di riflessione [&hellip;]<\/p>\n","protected":false},"author":5,"featured_media":12716,"comment_status":"closed","ping_status":"open","sticky":false,"template":"","format":"standard","meta":{"footnotes":""},"categories":[1],"tags":[978,828],"class_list":{"0":"post-12715","1":"post","2":"type-post","3":"status-publish","4":"format-standard","5":"has-post-thumbnail","7":"category-notizie","8":"tag-70-fnp-cisl","9":"tag-pensionati-cisl","10":"czr-hentry"},"_links":{"self":[{"href":"https:\/\/www.monzalecco.lombardia.cisl.it\/index.php?rest_route=\/wp\/v2\/posts\/12715","targetHints":{"allow":["GET"]}}],"collection":[{"href":"https:\/\/www.monzalecco.lombardia.cisl.it\/index.php?rest_route=\/wp\/v2\/posts"}],"about":[{"href":"https:\/\/www.monzalecco.lombardia.cisl.it\/index.php?rest_route=\/wp\/v2\/types\/post"}],"author":[{"embeddable":true,"href":"https:\/\/www.monzalecco.lombardia.cisl.it\/index.php?rest_route=\/wp\/v2\/users\/5"}],"replies":[{"embeddable":true,"href":"https:\/\/www.monzalecco.lombardia.cisl.it\/index.php?rest_route=%2Fwp%2Fv2%2Fcomments&post=12715"}],"version-history":[{"count":1,"href":"https:\/\/www.monzalecco.lombardia.cisl.it\/index.php?rest_route=\/wp\/v2\/posts\/12715\/revisions"}],"predecessor-version":[{"id":12717,"href":"https:\/\/www.monzalecco.lombardia.cisl.it\/index.php?rest_route=\/wp\/v2\/posts\/12715\/revisions\/12717"}],"wp:featuredmedia":[{"embeddable":true,"href":"https:\/\/www.monzalecco.lombardia.cisl.it\/index.php?rest_route=\/wp\/v2\/media\/12716"}],"wp:attachment":[{"href":"https:\/\/www.monzalecco.lombardia.cisl.it\/index.php?rest_route=%2Fwp%2Fv2%2Fmedia&parent=12715"}],"wp:term":[{"taxonomy":"category","embeddable":true,"href":"https:\/\/www.monzalecco.lombardia.cisl.it\/index.php?rest_route=%2Fwp%2Fv2%2Fcategories&post=12715"},{"taxonomy":"post_tag","embeddable":true,"href":"https:\/\/www.monzalecco.lombardia.cisl.it\/index.php?rest_route=%2Fwp%2Fv2%2Ftags&post=12715"}],"curies":[{"name":"wp","href":"https:\/\/api.w.org\/{rel}","templated":true}]}}