{"id":12841,"date":"2022-11-29T11:24:28","date_gmt":"2022-11-29T10:24:28","guid":{"rendered":"https:\/\/www.monzalecco.lombardia.cisl.it\/?p=12841"},"modified":"2022-11-29T11:25:31","modified_gmt":"2022-11-29T10:25:31","slug":"le-iniziative-del-25-novembre-a-monza-e-lecco","status":"publish","type":"post","link":"https:\/\/www.monzalecco.lombardia.cisl.it\/?p=12841","title":{"rendered":"Le iniziative del 25 novembre a Monza e Lecco"},"content":{"rendered":"<p style=\"font-weight: 400;\">In occasione della <em><strong>Giornata internazionale per l&#8217;eliminazione della violenza contro le donne<\/strong><\/em> come Coordinamenti femminili abbiamo voluto proporre due momenti di riflessione un po\u2019 diversi dal solito e per questo forse meno riconducibili, almeno in apparenza, al tema specifico della giornata.<\/p>\n<p style=\"font-weight: 400;\"><strong>A Monza <\/strong>il 24 pomeriggio, abbiamo potuto approfondire con la dottoressa Viola come per secoli le donne siano state \u201cdiscriminate\u201d, poich\u00e9 non considerate. E questa forma di discriminazione ha portato da un lato ad una negazione della specificit\u00e0 del corpo femminile da un lato, e all\u2019alimentazione costante di stereotipi imposti da una cultura patriarcale. Una sottile forma di violenza comunemente accettata e tramandata nel tempo con effetti anche pesanti sulle vite di tante ragazze e di tante donne. Pertanto conoscere, allargare i propri orizzonti, sapersi mettere in discussione \u00e8 l\u2019unica modalit\u00e0 per superare degli stereotipi che mortificano la loro piena realizzazione.<\/p>\n<p style=\"font-weight: 400;\"><strong>A Lecco<\/strong> abbiamo lanciato l\u2019<em>Appello per una citt\u00e0 a misura di donna<\/em>: gli spazi cittadini da sempre sono progettati senza tenere in considerazione le esigenze, le necessit\u00e0 della popolazione femminile. L\u2019obiettivo che ci si \u00e8 posto \u00e8 pertanto quello di aprire in citt\u00e0 un confronto che possa poi portare nel concreto ad azioni ed interventi che rendano la citt\u00e0 pi\u00f9 inclusiva, sostenibile e pi\u00f9 accessibile alle donne. Il momento \u00e8 quanto mai opportuno visto le risorse che il PNRR metter\u00e0 a disposizione dei comuni per i progetti di rigenerazione urbana.<\/p>\n<p style=\"font-weight: 400;\">Mobilit\u00e0, sicurezza, ma anche toponomastica possono essere temi da porre in agenda per la discussione con l\u2019amministrazione comunale e le associazioni che hanno gi\u00e0 aderito all\u2019appello.<\/p>\n<p style=\"font-weight: 400;\">La camminata organizzata per il tardo pomeriggio del 25 \u00e8 stata di fatto il momento pubblico per lanciare questo progetto, questa sfida alla citt\u00e0, ma anche per ricordare quanto la condizione delle donne nel mondo, dall\u2019Iran all\u2019Afghanistan, solo per fare qualche esempio, e nel nostro paese, con l\u2019impressionante numero dei femminicidi.<\/p>\n<p style=\"font-weight: 400;\">Ripetiamo spesso che per sradicare la violenza contro le donne \u00e8 necessario investire sull\u2019educazione delle nuove generazioni e sulla cultura del rispetto delle differenze.<\/p>\n<p style=\"font-weight: 400;\">Con le due iniziative siamo volute partire proprio da qui: il rispetto delle differenze fra uomini e donne, differenze che solo negli ultimi anni sono divenute oggetto di studio dall\u2019urbanistica alla medicina di genere o meglio genere specifica. Siamo profondamente convinte che nel rispetto delle alterit\u00e0 non si migliora solo la condizione femminile ma quella di tutte le componenti della nostra societ\u00e0.<\/p>\n<p><em>di Annalisa Caron, Segretaria CISL Monza Brianza Lecco<\/em><\/p>\n<p>&nbsp;<\/p>\n<p>24 Novembre &#8211; MONZA<\/p>\n<p>[metaslider id=12867]<\/p>\n<p>&nbsp;<\/p>\n<p>25 Novembre &#8211; LECCO<\/p>\n<p>[metaslider id=12894]<\/p>\n","protected":false},"excerpt":{"rendered":"<p>In occasione della Giornata internazionale per l&#8217;eliminazione della violenza contro le donne come Coordinamenti femminili abbiamo voluto proporre due momenti di riflessione un po\u2019 diversi dal solito e per questo forse meno riconducibili, almeno in apparenza, al tema specifico della giornata. A Monza il 24 pomeriggio, abbiamo potuto approfondire con la dottoressa Viola come per [&hellip;]<\/p>\n","protected":false},"author":5,"featured_media":12849,"comment_status":"closed","ping_status":"open","sticky":false,"template":"","format":"standard","meta":{"footnotes":""},"categories":[1],"tags":[1006,1013,1007],"class_list":{"0":"post-12841","1":"post","2":"type-post","3":"status-publish","4":"format-standard","5":"has-post-thumbnail","7":"category-notizie","8":"tag-25-novembre","9":"tag-antonella-viola","10":"tag-giornata-internazionale-contro-la-violenza-sulle-donne","11":"czr-hentry"},"_links":{"self":[{"href":"https:\/\/www.monzalecco.lombardia.cisl.it\/index.php?rest_route=\/wp\/v2\/posts\/12841","targetHints":{"allow":["GET"]}}],"collection":[{"href":"https:\/\/www.monzalecco.lombardia.cisl.it\/index.php?rest_route=\/wp\/v2\/posts"}],"about":[{"href":"https:\/\/www.monzalecco.lombardia.cisl.it\/index.php?rest_route=\/wp\/v2\/types\/post"}],"author":[{"embeddable":true,"href":"https:\/\/www.monzalecco.lombardia.cisl.it\/index.php?rest_route=\/wp\/v2\/users\/5"}],"replies":[{"embeddable":true,"href":"https:\/\/www.monzalecco.lombardia.cisl.it\/index.php?rest_route=%2Fwp%2Fv2%2Fcomments&post=12841"}],"version-history":[{"count":9,"href":"https:\/\/www.monzalecco.lombardia.cisl.it\/index.php?rest_route=\/wp\/v2\/posts\/12841\/revisions"}],"predecessor-version":[{"id":12926,"href":"https:\/\/www.monzalecco.lombardia.cisl.it\/index.php?rest_route=\/wp\/v2\/posts\/12841\/revisions\/12926"}],"wp:featuredmedia":[{"embeddable":true,"href":"https:\/\/www.monzalecco.lombardia.cisl.it\/index.php?rest_route=\/wp\/v2\/media\/12849"}],"wp:attachment":[{"href":"https:\/\/www.monzalecco.lombardia.cisl.it\/index.php?rest_route=%2Fwp%2Fv2%2Fmedia&parent=12841"}],"wp:term":[{"taxonomy":"category","embeddable":true,"href":"https:\/\/www.monzalecco.lombardia.cisl.it\/index.php?rest_route=%2Fwp%2Fv2%2Fcategories&post=12841"},{"taxonomy":"post_tag","embeddable":true,"href":"https:\/\/www.monzalecco.lombardia.cisl.it\/index.php?rest_route=%2Fwp%2Fv2%2Ftags&post=12841"}],"curies":[{"name":"wp","href":"https:\/\/api.w.org\/{rel}","templated":true}]}}