{"id":12932,"date":"2022-12-03T09:30:32","date_gmt":"2022-12-03T08:30:32","guid":{"rendered":"https:\/\/www.monzalecco.lombardia.cisl.it\/?p=12932"},"modified":"2022-12-03T09:35:18","modified_gmt":"2022-12-03T08:35:18","slug":"manovra-la-posizione-della-cisl","status":"publish","type":"post","link":"https:\/\/www.monzalecco.lombardia.cisl.it\/?p=12932","title":{"rendered":"Manovra. La posizione della CISL"},"content":{"rendered":"<p style=\"font-weight: 400;\">La Cisl, in piena continuit\u00e0 con la sua tradizione e il suo profilo riformista e contrattualista, punta al negoziato tenendo stretto il tavolo della trattativa. Certo la via \u00e8 pi\u00f9 ripida rispetto allo scorso anno sia per la natura politica dell\u2019Esecutivo che offre ampi margini discrezionali alla maggioranza sia per il restringimento della possibilit\u00e0 che si possa arrivare a modifiche rilevanti date le poche risorse disponibili.<\/p>\n<p style=\"font-weight: 400;\">Giudichiamo importante e positiva la convocazione del 7 dicembre da parte dell\u2019Esecutivo, giunta dopo nostre ripetute sollecitazioni. Occorre rafforzare il dialogo per migliorare la Finanziaria, affrontare criticit\u00e0, colmare i vuoti senza sconti e senza veti pregiudiziali.<\/p>\n<p style=\"font-weight: 400;\">Al netto delle poste allocate, 21 su 35 mld, per la copertura delle misure contro il caro energia, che valutiamo positivamente, permane la forte criticit\u00e0 inerente lo sviluppo del Paese, nonch\u00e9 l\u2019uscita dalla pendolarit\u00e0 tra stagnazione e recessione che ci affligge ormai da anni.<\/p>\n<p style=\"font-weight: 400;\">Non si parte comunque da zero e alcuni elementi collimano con le priorit\u00e0 espresse dalla Cisl nell\u2019Agenda presentata alla forze politiche in vista delle elezioni: il potenziamento dell\u2019Assegno Unico; l&#8217;innalzamento della soglia Isee a 15mila euro per gli sconti in bolletta; la riduzione del cuneo concentrato sul lato lavoro, ancorch\u00e9 da rafforzare; la decontribuzione fino a 6mila euro per le stabilizzazioni e le assunzioni di giovani fino a 36 anni legata all\u2019aumento netto occupazionale; il riconoscimento di un mese in pi\u00f9 di congedo parentale retribuito all\u201980%; la detassazione degli accordi di produttivit\u00e0 dal 10% al 5%; il disinnesco dello scalone della Legge Fornero. Nondimeno \u00e8 urgente avviare a un tempo una riforma complessiva nel segno della flessibilit\u00e0, della sostenibilit\u00e0, dell\u2019inclusione di giovani e donne. Ci intestiamo questi progressi e dire semplicemente che \u201cva tutto male\u201d squalifica e mortifica la nostra azione e il nostro ruolo.<\/p>\n<p style=\"font-weight: 400;\">Nonostante gli avanzamenti la Manovra \u00e8 ancora debole.<\/p>\n<p style=\"font-weight: 400;\">Grave l\u2019operazione fatta sulla rivalutazione delle pensioni, che andr\u00e0 a penalizzare ex lavoratori che percepiscono redditi netti da 1600\u20ac. Non accetteremo mai questa redistribuzione al contrario: il Governo deve tornare indietro.<\/p>\n<p style=\"font-weight: 400;\">Massima chiarezza sui voucher nel turismo e nell\u2019agricoltura. Un conto sarebbe stata la remunerazione a 10.000\u20ac per pensionati, studenti e percettori di indennit\u00e0 di disoccupazione. Ben altra cosa \u00e8 allargare la platea di utilizzabilit\u00e0 a tutti i lavoratori, scelta che minaccia le tutele e favorisce la precariet\u00e0.<\/p>\n<p style=\"font-weight: 400;\">Rimane l\u2019urgenza di legare la risposta emergenziale a una visione espansiva e anticiclica. Occorre rilanciare investimenti produttivi e riforme strutturali, che per\u00f2 pagano dazio a dotazioni limitate e concentrate sulle contingenze. Occorre inoltre accelerare e centrare gli obiettivi del PNRR senza dimenticare difficolt\u00e0 e costi occulti intervenuti con l\u2019inflazione.<\/p>\n<p style=\"font-weight: 400;\">Per la sanit\u00e0 si rimettano in campo le risorse del Mes sanitario, 37 miliardi, per riqualificare il sistema-salute sui territori.<\/p>\n<p style=\"font-weight: 400;\">La Cisl esprime la sua radicale contrariet\u00e0 alla flat tax, che profila un fisco penalizzante per i ceti deboli e nega alla radice i principi di equit\u00e0 e progressivit\u00e0.<\/p>\n<p style=\"font-weight: 400;\">Infine ma non ultimo, vanno rilanciate le politiche attive unitamente alle reti di protezione chiamate a migliorare i meccanismi rivolti agli occupabili che non hanno funzionato nel Reddito di Cittadinanza. Se vogliamo un nuovo strumento che lo sostituisca dobbiamo lavorarci da oggi perch\u00e9 solo una cosa \u00e8 peggio di uno strumento che ha funzionato a met\u00e0: nessuno strumento.<\/p>\n<p style=\"font-weight: 400;\">La Cisl ritiene di grande importanza la convocazione del 7 dicembre a Palazzo Chigi pertanto le eventuali azioni da mettere in campo non possono per noi prescindere dagli esiti del confronto con il Governo e dalle prospettive che si apriranno nel proseguo dell\u2019iter di approvazione della norma.<\/p>\n<p style=\"font-weight: 400;\">Mirco Scaccabarozzi<br \/>\n<em>Segretario Generale CISL Monza Brianza Lecc<\/em><\/p>\n<p><a href=\"https:\/\/www.monzalecco.lombardia.cisl.it\/wp-content\/uploads\/2022\/12\/Legge-di-bilancio-2022-A4.pdf\" target=\"_blank\" rel=\"noopener\">volantino \u201cDall\u2019Agenda Sociale alla Legge di Bilancio\u201d<\/a><\/p>\n<p>[metaslider id=12939]<\/p>\n","protected":false},"excerpt":{"rendered":"<p>La Cisl, in piena continuit\u00e0 con la sua tradizione e il suo profilo riformista e contrattualista, punta al negoziato tenendo stretto il tavolo della trattativa. Certo la via \u00e8 pi\u00f9 ripida rispetto allo scorso anno sia per la natura politica dell\u2019Esecutivo che offre ampi margini discrezionali alla maggioranza sia per il restringimento della possibilit\u00e0 che [&hellip;]<\/p>\n","protected":false},"author":5,"featured_media":12933,"comment_status":"closed","ping_status":"open","sticky":false,"template":"","format":"standard","meta":{"footnotes":""},"categories":[1],"tags":[970,995,185],"class_list":{"0":"post-12932","1":"post","2":"type-post","3":"status-publish","4":"format-standard","5":"has-post-thumbnail","7":"category-notizie","8":"tag-agenda-cisl","9":"tag-finanziaria","10":"tag-legge-di-bilancio","11":"czr-hentry"},"_links":{"self":[{"href":"https:\/\/www.monzalecco.lombardia.cisl.it\/index.php?rest_route=\/wp\/v2\/posts\/12932","targetHints":{"allow":["GET"]}}],"collection":[{"href":"https:\/\/www.monzalecco.lombardia.cisl.it\/index.php?rest_route=\/wp\/v2\/posts"}],"about":[{"href":"https:\/\/www.monzalecco.lombardia.cisl.it\/index.php?rest_route=\/wp\/v2\/types\/post"}],"author":[{"embeddable":true,"href":"https:\/\/www.monzalecco.lombardia.cisl.it\/index.php?rest_route=\/wp\/v2\/users\/5"}],"replies":[{"embeddable":true,"href":"https:\/\/www.monzalecco.lombardia.cisl.it\/index.php?rest_route=%2Fwp%2Fv2%2Fcomments&post=12932"}],"version-history":[{"count":3,"href":"https:\/\/www.monzalecco.lombardia.cisl.it\/index.php?rest_route=\/wp\/v2\/posts\/12932\/revisions"}],"predecessor-version":[{"id":12941,"href":"https:\/\/www.monzalecco.lombardia.cisl.it\/index.php?rest_route=\/wp\/v2\/posts\/12932\/revisions\/12941"}],"wp:featuredmedia":[{"embeddable":true,"href":"https:\/\/www.monzalecco.lombardia.cisl.it\/index.php?rest_route=\/wp\/v2\/media\/12933"}],"wp:attachment":[{"href":"https:\/\/www.monzalecco.lombardia.cisl.it\/index.php?rest_route=%2Fwp%2Fv2%2Fmedia&parent=12932"}],"wp:term":[{"taxonomy":"category","embeddable":true,"href":"https:\/\/www.monzalecco.lombardia.cisl.it\/index.php?rest_route=%2Fwp%2Fv2%2Fcategories&post=12932"},{"taxonomy":"post_tag","embeddable":true,"href":"https:\/\/www.monzalecco.lombardia.cisl.it\/index.php?rest_route=%2Fwp%2Fv2%2Ftags&post=12932"}],"curies":[{"name":"wp","href":"https:\/\/api.w.org\/{rel}","templated":true}]}}