{"id":12948,"date":"2022-12-03T11:05:33","date_gmt":"2022-12-03T10:05:33","guid":{"rendered":"https:\/\/www.monzalecco.lombardia.cisl.it\/?p=12948"},"modified":"2022-12-03T11:15:49","modified_gmt":"2022-12-03T10:15:49","slug":"fondo-aiutiamoci-nel-lavoro-proroga-al-31-12-2023","status":"publish","type":"post","link":"https:\/\/www.monzalecco.lombardia.cisl.it\/?p=12948","title":{"rendered":"Fondo &#8220;Aiutiamoci nel lavoro&#8221; proroga al 31.12.2023"},"content":{"rendered":"<p style=\"font-weight: 400;\">Il Fondo &#8220;Aiutiamoci nel lavoro&#8221; vede prorogata la sua attivit\u00e0 di un altro anno, <strong>fino al 31 dicembre 2023.<\/strong> L&#8217;obiettivo non \u00e8 quello di esaurire acriticamente le risorse donate dai lecchesi. Al contrario, si tratta di fare leva sulla natura flessibile del Patto per il lavoro (<strong>sottoscritto da 26 enti e associazioni lecchesi<\/strong>) per collocare il Fondo dentro un nuovo campo d&#8217;azione territoriale e sociale: quello dell&#8217;attuale crisi internazionale e delle fragilit\u00e0 in campo lavorativo.<\/p>\n<p style=\"font-weight: 400;\">Le richieste pervenute nel 2022 al Fondo \u201cAiutiamoci nel lavoro\u201d (421 richieste per un totale di 391.141\u20ac erogati) confermano infatti che le temute ricadute occupazionali della crisi legata all&#8217;emergenza Covid non si sono verificate. Ciononostante, le pesanti incertezze economiche legate alle vicende internazionali potrebbero generare nei prossimi mesi ripercussioni occupazionali particolarmente negative. Per questo motivo il Gruppo Tecnico ha ritenuto fondamentale mantenere attivo il Fondo e prolungarne l\u2019attivit\u00e0 per un ulteriore anno, fino al 31 dicembre 2023.<\/p>\n<p style=\"font-weight: 400;\"><strong>Le risorse residue, circa 650mila euro, saranno destinate a due linee di intervento.<\/strong> Da un lato, la prosecuzione del sostegno alle persone disoccupate e l&#8217;ampliamento dei contributi alle <strong>persone in cassa integrazione<\/strong> a causa della crisi energetica (450mila euro). Dall&#8217;altro, il contributo per il potenziamento di <strong>progetti socio-occupazionali a favore di lavoratori fragili <\/strong>(200mila euro), con l&#8217;attenzione alle sperimentazioni attualmente avviate nei territori dei tre Distretti della Provincia di Lecco.<\/p>\n<p style=\"font-weight: 400;\">\u201cQuella del Patto per il Lavoro \u00e8 stata, ed \u00e8 ancora oggi, un\u2019iniziativa molto importante per il territorio &#8211; commenta la <strong>presidente di Fondazione comunitaria del Lecchese, Maria Grazia Nasazzi<\/strong> &#8211; La firma di quel Patto, a giugno 2021, \u00e8 stata un evento unico sul panorama nazionale. Lo \u00e8 stato per come \u00e8 nato, per il lavoro di tessitura istituzionale finalizzato a costruire la rete di enti e associazioni locali sulla quale il Patto si fonda. Con il passare dei mesi, la crisi pandemica si \u00e8 evoluta e concretizzata in modo parzialmente diverso dalle previsioni iniziali, almeno per quanto riguarda le sue ricadute occupazionali sul territorio lecchese. Un esito non scontato, e che oggi ci invita a mettere in atto quei caratteri di flessibilit\u00e0 gi\u00e0 intrinsechi nella natura del Patto. Le proposte che andiamo ora a declinare nell&#8217;ambito del Comitato di indirizzo non sono residuali o destinate banalmente a chiudere i conti. Sono, al contrario, <strong>l&#8217;esito di un dialogo mai interrotto tra le parti, sapendo leggere la realt\u00e0 del mondo del lavoro e l&#8217;impatto dell\u2019attuale crisi internazionale<\/strong>. \u00c8 importante precisare che, a rendere oggi possibile e reale l\u2019attualit\u00e0 di questo Patto, \u00e8 proprio il lavoro mensile del Gruppo tecnico, straordinariamente rappresentativo del tessuto istituzionale e associativo del territorio&#8221;.<\/p>\n<p style=\"font-weight: 400;\">&#8220;Come sistema dei Comuni lecchesi &#8211; sono invece le parole di <strong>Guido Agostoni, presidente dell&#8217;Assemblea dei sindaci del Distretto lecchese<\/strong> &#8211; avevamo aderito al Patto per il Lavoro proprio perch\u00e9 avevamo condiviso la necessit\u00e0 di queste modalit\u00e0 di intervento. Ora si prosegue. Fortunatamente, nella nostra provincia, non si \u00e8 registrato il bilancio drammatico in termini di occupazione che si temeva durante la pandemia.\u00a0 Ciononostante, <strong>stanno emergendo nuove e ulteriori situazioni legate alla crisi energetica<\/strong>. C&#8217;\u00e8 ancora bisogno di sostenere chi ha perso il lavoro e chi vive comunque, sul territorio, una situazione pi\u00f9 generale di fragilit\u00e0 sociale. Ecco perch\u00e9 la proposta del Comitato di indirizzo del Patto ci trova pienamente d&#8217;accordo a proseguire anche sul 2023, peraltro con un ampliamento della platea, riservando uno specifico sostegno alle fragilit\u00e0&#8221;<\/p>\n<p>&#8220;Il Patto sottoscritto il 22 giugno 2021 con tutti i soggetti pubblici e privati \u00e8 stato assolutamente funzionale e di supporto al nostro territorio.&#8221; ha commentato <strong>Roberto Frigerio, Segretario CISL MONZA BRIANZA LECCO<\/strong>\u00a0a nome di CGIL CISL UIL &#8220;I dati ci confermano la bont\u00e0 della scelta di aprire sportelli dedicati al Fondo all&#8217;interno delle nostre sedi sindacali. La Pandemia e l&#8217;aumento dei costi energetici e delle materie prime hanno generato nuovi bisogni per molte famiglie, lavoratrici e lavoratori che nonostante il lavoro hanno serie difficolt\u00e0 economiche e redditi che sfiorano la soglia di povert\u00e0. Da qui la necessit\u00e0 di proroga del Fondo e di ampliare anche i requisiti di accesso cos\u00ec da raggiungere la platea pi\u00f9 ampia possibile di lavoratrici e lavoratori&#8221;<\/p>\n<p><a href=\"https:\/\/www.monzalecco.lombardia.cisl.it\/wp-content\/uploads\/2022\/12\/Aiutiamoci-nel-lavoro.pptx\" target=\"_blank\" rel=\"noopener\">Fondo Aiutiamoci nel lavoro &#8211; analisi a novembre 2022<\/a><\/p>\n<p>[metaslider id=12955]<\/p>\n","protected":false},"excerpt":{"rendered":"<p>Il Fondo &#8220;Aiutiamoci nel lavoro&#8221; vede prorogata la sua attivit\u00e0 di un altro anno, fino al 31 dicembre 2023. L&#8217;obiettivo non \u00e8 quello di esaurire acriticamente le risorse donate dai lecchesi. Al contrario, si tratta di fare leva sulla natura flessibile del Patto per il lavoro (sottoscritto da 26 enti e associazioni lecchesi) per collocare [&hellip;]<\/p>\n","protected":false},"author":5,"featured_media":12949,"comment_status":"closed","ping_status":"open","sticky":false,"template":"","format":"standard","meta":{"footnotes":""},"categories":[1],"tags":[700],"class_list":{"0":"post-12948","1":"post","2":"type-post","3":"status-publish","4":"format-standard","5":"has-post-thumbnail","7":"category-notizie","8":"tag-aiutiamoci-nel-lavoro","9":"czr-hentry"},"_links":{"self":[{"href":"https:\/\/www.monzalecco.lombardia.cisl.it\/index.php?rest_route=\/wp\/v2\/posts\/12948","targetHints":{"allow":["GET"]}}],"collection":[{"href":"https:\/\/www.monzalecco.lombardia.cisl.it\/index.php?rest_route=\/wp\/v2\/posts"}],"about":[{"href":"https:\/\/www.monzalecco.lombardia.cisl.it\/index.php?rest_route=\/wp\/v2\/types\/post"}],"author":[{"embeddable":true,"href":"https:\/\/www.monzalecco.lombardia.cisl.it\/index.php?rest_route=\/wp\/v2\/users\/5"}],"replies":[{"embeddable":true,"href":"https:\/\/www.monzalecco.lombardia.cisl.it\/index.php?rest_route=%2Fwp%2Fv2%2Fcomments&post=12948"}],"version-history":[{"count":4,"href":"https:\/\/www.monzalecco.lombardia.cisl.it\/index.php?rest_route=\/wp\/v2\/posts\/12948\/revisions"}],"predecessor-version":[{"id":12958,"href":"https:\/\/www.monzalecco.lombardia.cisl.it\/index.php?rest_route=\/wp\/v2\/posts\/12948\/revisions\/12958"}],"wp:featuredmedia":[{"embeddable":true,"href":"https:\/\/www.monzalecco.lombardia.cisl.it\/index.php?rest_route=\/wp\/v2\/media\/12949"}],"wp:attachment":[{"href":"https:\/\/www.monzalecco.lombardia.cisl.it\/index.php?rest_route=%2Fwp%2Fv2%2Fmedia&parent=12948"}],"wp:term":[{"taxonomy":"category","embeddable":true,"href":"https:\/\/www.monzalecco.lombardia.cisl.it\/index.php?rest_route=%2Fwp%2Fv2%2Fcategories&post=12948"},{"taxonomy":"post_tag","embeddable":true,"href":"https:\/\/www.monzalecco.lombardia.cisl.it\/index.php?rest_route=%2Fwp%2Fv2%2Ftags&post=12948"}],"curies":[{"name":"wp","href":"https:\/\/api.w.org\/{rel}","templated":true}]}}