{"id":12988,"date":"2022-12-16T18:07:50","date_gmt":"2022-12-16T17:07:50","guid":{"rendered":"https:\/\/www.monzalecco.lombardia.cisl.it\/?p=12988"},"modified":"2022-12-16T19:09:31","modified_gmt":"2022-12-16T18:09:31","slug":"benessere-in-azienda-utopia-concreta","status":"publish","type":"post","link":"https:\/\/www.monzalecco.lombardia.cisl.it\/?p=12988","title":{"rendered":"Benessere in azienda, utopia concreta"},"content":{"rendered":"<p>Perseguire il benessere nei luoghi di lavoro.<\/p>\n<p>Un&#8217;utopia, si potrebbe pensare, ma che\u00a0potrebbe diventare realt\u00e0 gi\u00e0 a partire dal 2023, quando per le alcune tipologie di aziende &#8211; e, a catena, per tutte le aziende della loro filiera &#8211; diventer\u00e0 obbligatorio il bilancio sociale certificato per l&#8217;accesso al credito o alle gare di appalto.<\/p>\n<p>Nelle aziende fino ad oggi \u00e8 stato difficile misurare la sostenibilit\u00e0 sociale che, a differenza della sostenibilit\u00e0 ambientale, \u00e8 caratterizzata da fattori difficilmente misurabili in numeri. Ora, con la nuova normativa, la valutazione dell&#8217;impatto sociale di una azienda diventer\u00e0 obbligatori e questo apre nuovi spazi di contrattazione per il Sindacato attraverso i suoi delegati.<\/p>\n<p>Di questo si \u00e8 parlato al Consiglio Generale della FIM CISL Monza Brianza Lecco che si \u00e8 svolto questa mattina a Garbagnate Monastero alla presenza del Segretario Generale territoriale, Enrico Vacca, del Segretario Nazionale Valerio D&#8217;Al\u00f2, di Rosario Iaccarino, formatore della FIM CISL Nazionale e di Mirco Scaccabarozzi, Segretario Generale della CISL Monza Brianza Lecco.<\/p>\n<p>Ad aiutare i delegati presenti nell&#8217;inquadrare il contesto e le possibilit\u00e0 di intervento in azienda sono stati oggi il Segretario nazionale Valerio D&#8217;Al\u00f2 e il \u00a0Direttore Generale di NEXT (Nuova Economia per tutti), Luca Raffaele. Next \u00e8 una alleanza di cittadini &#8220;consumo-attori&#8221; che credono e si adoperano per gettare le basi del cambiamento verso un benessere che non sia solo economico ma, contemporaneamente e imprescindibilmente, socialmente ed ecologicamente sostenibile. NEXT, nella sua mission di divulgazione di una culturale del benessere multidimensionale e correlato, che deve cio\u00e8 tenere conto di tutti gli aspetti che concorrono a creare benessere e alla loro intenzione, ha messo a punto un sistema di valutazione basato su 6 macro aree e 30 fattori chiave. Un punto di partenza facilmente applicabile nelle aziende da parte dei delegati \u00e8 la somministrazione del questionario di NEXT sulla percezione del benessere nel luogo di lavoro da parte dei lavoratori. Su questo punto \u00e8 emerso un dato interessante: il benessere cresce proporzionalmente al coinvolgimento del lavoratore nei processi aziendali.<\/p>\n<p>A chiudere la seduta l&#8217;intervento di Mirco Scaccabarozzi, Segretario Generale della CISL Monza Brianza Lecco che ha ribadito le ragioni del no della CISL all&#8217;adozione dello sciopero generale in questa fase del processo di elaborazione della Legge di Bilancio.<\/p>\n<p>[metaslider id=12992]<\/p>\n","protected":false},"excerpt":{"rendered":"<p>Perseguire il benessere nei luoghi di lavoro. Un&#8217;utopia, si potrebbe pensare, ma che\u00a0potrebbe diventare realt\u00e0 gi\u00e0 a partire dal 2023, quando per le alcune tipologie di aziende &#8211; e, a catena, per tutte le aziende della loro filiera &#8211; diventer\u00e0 obbligatorio il bilancio sociale certificato per l&#8217;accesso al credito o alle gare di appalto. Nelle [&hellip;]<\/p>\n","protected":false},"author":5,"featured_media":12998,"comment_status":"closed","ping_status":"open","sticky":false,"template":"","format":"standard","meta":{"footnotes":""},"categories":[1],"tags":[1030,185,1029],"class_list":{"0":"post-12988","1":"post","2":"type-post","3":"status-publish","4":"format-standard","5":"has-post-thumbnail","7":"category-notizie","8":"tag-ecnonomia-sostenibile","9":"tag-legge-di-bilancio","10":"tag-next","11":"czr-hentry"},"_links":{"self":[{"href":"https:\/\/www.monzalecco.lombardia.cisl.it\/index.php?rest_route=\/wp\/v2\/posts\/12988","targetHints":{"allow":["GET"]}}],"collection":[{"href":"https:\/\/www.monzalecco.lombardia.cisl.it\/index.php?rest_route=\/wp\/v2\/posts"}],"about":[{"href":"https:\/\/www.monzalecco.lombardia.cisl.it\/index.php?rest_route=\/wp\/v2\/types\/post"}],"author":[{"embeddable":true,"href":"https:\/\/www.monzalecco.lombardia.cisl.it\/index.php?rest_route=\/wp\/v2\/users\/5"}],"replies":[{"embeddable":true,"href":"https:\/\/www.monzalecco.lombardia.cisl.it\/index.php?rest_route=%2Fwp%2Fv2%2Fcomments&post=12988"}],"version-history":[{"count":7,"href":"https:\/\/www.monzalecco.lombardia.cisl.it\/index.php?rest_route=\/wp\/v2\/posts\/12988\/revisions"}],"predecessor-version":[{"id":13014,"href":"https:\/\/www.monzalecco.lombardia.cisl.it\/index.php?rest_route=\/wp\/v2\/posts\/12988\/revisions\/13014"}],"wp:featuredmedia":[{"embeddable":true,"href":"https:\/\/www.monzalecco.lombardia.cisl.it\/index.php?rest_route=\/wp\/v2\/media\/12998"}],"wp:attachment":[{"href":"https:\/\/www.monzalecco.lombardia.cisl.it\/index.php?rest_route=%2Fwp%2Fv2%2Fmedia&parent=12988"}],"wp:term":[{"taxonomy":"category","embeddable":true,"href":"https:\/\/www.monzalecco.lombardia.cisl.it\/index.php?rest_route=%2Fwp%2Fv2%2Fcategories&post=12988"},{"taxonomy":"post_tag","embeddable":true,"href":"https:\/\/www.monzalecco.lombardia.cisl.it\/index.php?rest_route=%2Fwp%2Fv2%2Ftags&post=12988"}],"curies":[{"name":"wp","href":"https:\/\/api.w.org\/{rel}","templated":true}]}}