{"id":13324,"date":"2023-03-13T10:00:29","date_gmt":"2023-03-13T09:00:29","guid":{"rendered":"https:\/\/www.monzalecco.lombardia.cisl.it\/?p=13324"},"modified":"2023-03-13T10:00:29","modified_gmt":"2023-03-13T09:00:29","slug":"cgil-cisl-uil-in-prima-linea-contro-lillegalita","status":"publish","type":"post","link":"https:\/\/www.monzalecco.lombardia.cisl.it\/?p=13324","title":{"rendered":"CGIL CISL UIL in prima linea contro l\u2019illegalit\u00e0"},"content":{"rendered":"<p>Anche quest\u2019anno, Cgil, Cisl, Uil aderiscono alla XVIII^ giornata della memoria e dell\u2019impegno delle vittime delle mafie, organizzata insieme a Libera Associazione, che si svolger\u00e0 a Milano il prossimo 21 marzo 2023. Lo slogan scelto per questa edizione \u201c\u00c8 POSSIBILE\u201d, vuole evidenziare ci\u00f2 che si pu\u00f2 realizzare con l\u2019impegno comune di tutti gli operatori sociali e istituzionali impegnati nella lotta e al contrasto dell\u2019illegalit\u00e0 e della corruzione.<br \/>\nQuest\u2019anno il programma si snoda sulle due giornate del 20 e 21 marzo e avr\u00e0 come sede la citt\u00e0 di Milano, da sempre territorio nevralgico per le mafie e la corruzione, per l\u2019importante movimentazione di denaro derivante dall\u2019industria e dalla finanza. Luned\u00ec 20 marzo sar\u00e0 la giornata dedicata all\u2019accoglienza degli oltre 400 parenti delle vittime innocenti delle mafie con la veglia in suffragio dei loro congiunti.<br \/>\nMarted\u00ec 21 marzo un corteo sfiler\u00e0 per le vie cittadine partendo dai Bastioni di Porta Venezia e giungendo in Piazza Duomo, dove si concluder\u00e0 la mattinata con la lettura dei nomi delle vittime innocenti delle mafie. Nel pomeriggio sono previsti diversi seminari tematici a cui \u00e8 possibile iscriversi tramite il sito web di Libera oltre ad un seminario specifico organizzato da CGIL CISL UIL sul \u201cRuolo e iniziative dei Sindacati nel contrasto all\u2019illegalit\u00e0\u201d. L\u2019evento verr\u00e0 trasmesso in diretta sulla Rai.<br \/>\nLa partecipazione all\u2019iniziativa si unisce all\u2019impegno per la legalit\u00e0 costantemente messo in campo sul territorio brianzolo da Cgil Monza Brianza, CISL Monza Brianza Lecco e Uil Monza e della Brianza. Da sempre le Organizzazioni sindacali territoriali promuovono iniziative e partecipano ai tavoli istituzionali per la tutela della legalit\u00e0 oltre che della regolarit\u00e0 e sicurezza sul lavoro in settori a rischio come quello degli appalti pubblici e nei cantieri edili.<br \/>\nNelle ultime settimane sono stati realizzati incontri con la Provincia e il Comune di Monza per attivare due protocolli d\u2019intesa per la legalit\u00e0 che, una volta sottoscritti, vedrebbero le parti firmatarie impegnate sinergicamente, tramite il confronto diretto e l\u2019integrazione delle esperienze di ognuno, in attivit\u00e0 di promozione della cultura della legalit\u00e0, di sviluppo di progettualit\u00e0 comuni, con particolare attenzione ai numerosi beni confiscati alla criminalit\u00e0 organizzata ancora in attesa di essere riconsegnati alla societ\u00e0.<br \/>\nUna sinergia che rafforzerebbe gli strumenti di contrasto all\u2019illegalit\u00e0 attraverso la condivisione delle informazioni e il potenziamento delle procedure di controllo.<br \/>\n\u201cLa legalit\u00e0 \u00e8 fondamento di democrazia\u201d dichiarano i rappresentanti territoriali di CGIL, CISL e UIL. \u201cSenza legalit\u00e0 i diritti vengono calpestati e prevalgono arbitrio e violenza\u201d. Non solo, &#8220;Il sindacato confederale ritiene sia un bene comune costruire alleanze sociali con quanti sono quotidianamente impegnati nell&#8217;antimafia, attraverso Libera, BrianzaSiCura, Avviso Pubblico, Osservatorio Peppino Impastato e il Centro di Promozione della Legalit\u00e0 di Monza e Brianza, di cui l&#8217;ITI \u201cP.Hensemberger\u201c di Monza \u00e8 la scuola capofila&#8221; .<\/p>\n","protected":false},"excerpt":{"rendered":"<p>Anche quest\u2019anno, Cgil, Cisl, Uil aderiscono alla XVIII^ giornata della memoria e dell\u2019impegno delle vittime delle mafie, organizzata insieme a Libera Associazione, che si svolger\u00e0 a Milano il prossimo 21 marzo 2023. Lo slogan scelto per questa edizione \u201c\u00c8 POSSIBILE\u201d, vuole evidenziare ci\u00f2 che si pu\u00f2 realizzare con l\u2019impegno comune di tutti gli operatori sociali [&hellip;]<\/p>\n","protected":false},"author":5,"featured_media":13325,"comment_status":"closed","ping_status":"open","sticky":false,"template":"","format":"standard","meta":{"footnotes":""},"categories":[1],"tags":[1075,1076,495,499],"class_list":{"0":"post-13324","1":"post","2":"type-post","3":"status-publish","4":"format-standard","5":"has-post-thumbnail","7":"category-notizie","8":"tag-21-marzo","9":"tag-giornata-della-memoria-e-dellimpegno-delle-vittime-delle-mafie","10":"tag-legalita","11":"tag-libera","12":"czr-hentry"},"_links":{"self":[{"href":"https:\/\/www.monzalecco.lombardia.cisl.it\/index.php?rest_route=\/wp\/v2\/posts\/13324","targetHints":{"allow":["GET"]}}],"collection":[{"href":"https:\/\/www.monzalecco.lombardia.cisl.it\/index.php?rest_route=\/wp\/v2\/posts"}],"about":[{"href":"https:\/\/www.monzalecco.lombardia.cisl.it\/index.php?rest_route=\/wp\/v2\/types\/post"}],"author":[{"embeddable":true,"href":"https:\/\/www.monzalecco.lombardia.cisl.it\/index.php?rest_route=\/wp\/v2\/users\/5"}],"replies":[{"embeddable":true,"href":"https:\/\/www.monzalecco.lombardia.cisl.it\/index.php?rest_route=%2Fwp%2Fv2%2Fcomments&post=13324"}],"version-history":[{"count":2,"href":"https:\/\/www.monzalecco.lombardia.cisl.it\/index.php?rest_route=\/wp\/v2\/posts\/13324\/revisions"}],"predecessor-version":[{"id":13327,"href":"https:\/\/www.monzalecco.lombardia.cisl.it\/index.php?rest_route=\/wp\/v2\/posts\/13324\/revisions\/13327"}],"wp:featuredmedia":[{"embeddable":true,"href":"https:\/\/www.monzalecco.lombardia.cisl.it\/index.php?rest_route=\/wp\/v2\/media\/13325"}],"wp:attachment":[{"href":"https:\/\/www.monzalecco.lombardia.cisl.it\/index.php?rest_route=%2Fwp%2Fv2%2Fmedia&parent=13324"}],"wp:term":[{"taxonomy":"category","embeddable":true,"href":"https:\/\/www.monzalecco.lombardia.cisl.it\/index.php?rest_route=%2Fwp%2Fv2%2Fcategories&post=13324"},{"taxonomy":"post_tag","embeddable":true,"href":"https:\/\/www.monzalecco.lombardia.cisl.it\/index.php?rest_route=%2Fwp%2Fv2%2Ftags&post=13324"}],"curies":[{"name":"wp","href":"https:\/\/api.w.org\/{rel}","templated":true}]}}