{"id":13386,"date":"2023-04-05T12:15:34","date_gmt":"2023-04-05T10:15:34","guid":{"rendered":"https:\/\/www.monzalecco.lombardia.cisl.it\/?p=13386"},"modified":"2023-04-11T12:26:23","modified_gmt":"2023-04-11T10:26:23","slug":"riforma-fiscale-mattinata-seminariale-per-i-pensionati-cisl","status":"publish","type":"post","link":"https:\/\/www.monzalecco.lombardia.cisl.it\/?p=13386","title":{"rendered":"Riforma fiscale. Mattinata seminariale per i pensionati CISL"},"content":{"rendered":"<p style=\"font-weight: 400;\"><em>\u201cViviamo in una situazione di incertezza che ormai \u00e8 diventata un dato strutturale del mondo globalizzato\u201d.<\/em>Con queste parole l\u2019economista Alberto Berrini ha aperto il suo intervento al Consiglio Generale della <strong>FNP CISL Monza Brianza Lecco <\/strong>che si \u00e8 tenuto ieri mattina a Casatenovo. <em>\u201cIn questa situazione di incertezza il Sindacato \u00e8 un elemento di stabilit\u00e0 e di riferimento soprattutto per le fasce di popolazione pi\u00f9 deboli e fragili, gi\u00e0 in difficolt\u00e0 per gli effetti della pandemia, e che ora si trovano a fare i conti con un\u2019inflazione che incide sui prezzi dei beni primari, in particolare dei prodotti energetici e alimentari\u201d<\/em>.<\/p>\n<p style=\"font-weight: 400;\">Un ruolo cruciale di cui il Sindacato si fa carico ogni giorno con impegno e tenacia sia a livello nazionale, nei tavoli di contrattazione con il Governo, che a livello locale con la contrattazione sociale e il sostegno diretto ai cittadini in difficolt\u00e0 che si recano nelle nostre sedi. Da qui la decisione della Segreteria &#8211; composta da Giuseppe Saronni, Caterina Valsecchi e Enrico Civilini &#8211; di organizzare una mattinata seminariale utile per approfondire le dinamiche economiche globali che condizionano la nostra vita con implicazioni inflattive che erodono il potere d\u2019acquisto di salari e pensioni.<\/p>\n<p style=\"font-weight: 400;\">Alberto Berrini ha illustrato la situazione attuale e cosa potrebbe attenderci in futuro ipotizzando tre possibili scenari di uscita dalla crisi: inflazione senza recessione, il soft landing (con una parziale crescita) e infine la stagflazione (lo scenario pi\u00f9 pericoloso in quanto unisce recessione e inflazione). <em>\u201cLa soluzione \u00e8 trovare un equilibrio tra inflazione\/recessione e stabilit\u00e0 dei mercati per poter salvaguardare lo stato sociale\u201d<\/em> ha spiegato Berrini che individua nelle scelte operate dalla CISL nei tavoli di trattativa in cui Stato, imprese e sindacato si parlano <em>\u201cla migliore strategia che possiamo mettere in campo oggi\u201d <\/em><\/p>\n<p style=\"font-weight: 400;\">Il giudizio della CISL sul disegno di legge \u00e8 duro, come spiega Mirco Scaccabarozzi, Segretario Generale CISL Monza Brianza Lecco<em> &#8220;Quanto al disegno di legge delega sul fisco appena approvato, la Cisl rinviene in esso quale obiettivo principale non la redistribuzione in termini sociali del reddito prodotto dal Paese, bens\u00ec quello esclusivo di favorire la crescita economica attraverso l&#8217;incremento dell&#8217;efficienza della struttura dei tributi e la riduzione del carico fiscale, di fatto ai soliti &#8216;noti&#8217;, senza peraltro indicare dove si troveranno le risorse per ridurre tale carico e sostenere, ad esempio, la riduzione a tre, senza alcuna specifica, delle aliquote Irpef e il riordino dell&#8217;Iva con l&#8217;azzeramento per alcuni generi. Infine ma non ultimo, non compare alcun riferimento al nodo del catasto.&#8221;<\/em><\/p>\n<p style=\"font-weight: 400;\"><em>\u201cL\u2019analisi di Berrini e il dibattito che ne \u00e8 seguito hanno individuato nella riforma fiscale il pi\u00f9 importante strumento di contrasto al taglio delle prestazioni sanitarie e assistenziali. Solo con un accurato intervento di ingegneria sociale sar\u00e0 possibile una politica dei redditi antinflazionistica che consenta di tenere in piedi lo stato sociale e il welfare\u201d ha concluso <\/em>Giuseppe Saronni<em>, <\/em>Segretario Generale FNP CISL Monza Brianza Lecco, sottolineando la totale condivisione da parte della Categoria sindacale dei Pensionati del percorso deciso dalla CISL Confederale e annunciando la partecipazione alle manifestazioni che verranno indette nell\u2019ambito della mobilitazione unitaria proclamata nella giornata di ieri&#8221;.<\/p>\n<p>&nbsp;<\/p>\n<p>&nbsp;<\/p>\n","protected":false},"excerpt":{"rendered":"<p>\u201cViviamo in una situazione di incertezza che ormai \u00e8 diventata un dato strutturale del mondo globalizzato\u201d.Con queste parole l\u2019economista Alberto Berrini ha aperto il suo intervento al Consiglio Generale della FNP CISL Monza Brianza Lecco che si \u00e8 tenuto ieri mattina a Casatenovo. \u201cIn questa situazione di incertezza il Sindacato \u00e8 un elemento di stabilit\u00e0 [&hellip;]<\/p>\n","protected":false},"author":5,"featured_media":13399,"comment_status":"closed","ping_status":"open","sticky":false,"template":"","format":"standard","meta":{"footnotes":""},"categories":[1],"tags":[],"class_list":{"0":"post-13386","1":"post","2":"type-post","3":"status-publish","4":"format-standard","5":"has-post-thumbnail","7":"category-notizie","8":"czr-hentry"},"_links":{"self":[{"href":"https:\/\/www.monzalecco.lombardia.cisl.it\/index.php?rest_route=\/wp\/v2\/posts\/13386","targetHints":{"allow":["GET"]}}],"collection":[{"href":"https:\/\/www.monzalecco.lombardia.cisl.it\/index.php?rest_route=\/wp\/v2\/posts"}],"about":[{"href":"https:\/\/www.monzalecco.lombardia.cisl.it\/index.php?rest_route=\/wp\/v2\/types\/post"}],"author":[{"embeddable":true,"href":"https:\/\/www.monzalecco.lombardia.cisl.it\/index.php?rest_route=\/wp\/v2\/users\/5"}],"replies":[{"embeddable":true,"href":"https:\/\/www.monzalecco.lombardia.cisl.it\/index.php?rest_route=%2Fwp%2Fv2%2Fcomments&post=13386"}],"version-history":[{"count":4,"href":"https:\/\/www.monzalecco.lombardia.cisl.it\/index.php?rest_route=\/wp\/v2\/posts\/13386\/revisions"}],"predecessor-version":[{"id":13415,"href":"https:\/\/www.monzalecco.lombardia.cisl.it\/index.php?rest_route=\/wp\/v2\/posts\/13386\/revisions\/13415"}],"wp:featuredmedia":[{"embeddable":true,"href":"https:\/\/www.monzalecco.lombardia.cisl.it\/index.php?rest_route=\/wp\/v2\/media\/13399"}],"wp:attachment":[{"href":"https:\/\/www.monzalecco.lombardia.cisl.it\/index.php?rest_route=%2Fwp%2Fv2%2Fmedia&parent=13386"}],"wp:term":[{"taxonomy":"category","embeddable":true,"href":"https:\/\/www.monzalecco.lombardia.cisl.it\/index.php?rest_route=%2Fwp%2Fv2%2Fcategories&post=13386"},{"taxonomy":"post_tag","embeddable":true,"href":"https:\/\/www.monzalecco.lombardia.cisl.it\/index.php?rest_route=%2Fwp%2Fv2%2Ftags&post=13386"}],"curies":[{"name":"wp","href":"https:\/\/api.w.org\/{rel}","templated":true}]}}