{"id":13766,"date":"2023-05-03T23:00:51","date_gmt":"2023-05-03T21:00:51","guid":{"rendered":"https:\/\/www.monzalecco.lombardia.cisl.it\/?p=13766"},"modified":"2023-05-03T23:01:40","modified_gmt":"2023-05-03T21:01:40","slug":"lattivo-dei-delegati-e-pensionati-a-lecco","status":"publish","type":"post","link":"https:\/\/www.monzalecco.lombardia.cisl.it\/?p=13766","title":{"rendered":"L&#8217;attivo dei delegati e pensionati a Lecco"},"content":{"rendered":"<p>Anche nella sala dell&#8217;ESPE di Lecco questa mattina si \u00e8 registrato il tutto esaurito come gi\u00e0 successo per Monza la settimana scorsa. Numerosissima infatti \u00e8 stata la partecipazione delle delegate e dei delegati, delle pensionate e dei pensionati all&#8217;attivo unitario organizzato da CGIL CISL e UIL lecchesi in preparazione della Manifestazione <strong>&#8220;per una nuova stagione del lavoro e dei diritti&#8221; <\/strong>che si terr\u00e0 il 13 maggio 2023 a Milano<strong>.<\/strong><\/p>\n<p>L&#8217;attivo di questa mattina fa parte della <strong>mobilitazione indetta su tutto il territorio nazionale da CGIL CISL e \u00a0UIL<\/strong> che ci vede in queste settimane impegnati nei territori e nei luoghi di lavoro con incontri e assemblee per condividere la piattaforma sindacale unitaria che racchiude le istanze del mondo del lavoro al Governo.<\/p>\n<p>Tanti i temi discussi questa mattina: \u00a0il fisco che, come indicato dalla nostra Costituzione, per noi non pu\u00f2 che avere un criterio di progressivit\u00e0, l&#8217;aumento delle retribuzioni e delle pensioni, la mancanza di fondi e personale per la sanit\u00e0, la mancanza di risorse per la legge sulla non autosufficienza, la necessit\u00e0 di procedere velocemente al rinnovo dei contratti.<\/p>\n<p>Per la CISL sono intervenuti: <strong>Angelo Perversi<\/strong>, delegato <strong>FEMCA CISL<\/strong> alla Bracco di Cesano Maderno; \u00a0<strong>Andrea De Leo<\/strong> , delegato della <strong>Funzione Pubblica CISL<\/strong> e dipendente di ASST di Lecco dove \u00e8 impiegato come OSS all\u2019Ospedale Manzoni dal 2017; <strong>Mirco Mazzoleni,<\/strong> delegato <strong>FISASCAT CISL<\/strong> e dipendente dell&#8217;azienda di pulizie a cui \u00e8 stato affidato l&#8217;appalto della ASST Lecco.<\/p>\n<p>A chiudere l&#8217;incontro il <strong>Segretario Generale, Mirco Scaccabarozzi<\/strong> &#8220;Il decreto sul lavoro non ci soddisfa. Intanto c&#8217;\u00e8 un problema di metodo: non si pu\u00f2 arrivare con un testo gi\u00e0 pronto, perch\u00e9 un conto \u00e8 comunicare e un conto \u00e8 discutere dei provvedimenti. Abbiamo poi un problema di definizione temporale di certi elementi, come il taglio del cuneo fiscale promesso in autunno: non \u00e8 possibile che diventi semplicemente una misura temporanea. Ci sono da discutere numerosi provvedimenti che ad oggi non sono stati toccati: la politica industriale italiana, ad esempio, dove abbiamo un problema di tenuta di mercato perch\u00e9 occorre superare l&#8217;obsolescenza e investire nella dimensione dove l&#8217;informatica la fa da padrone. C&#8217;\u00e8 poi il tema delle pensioni che \u00e8 importante per dare certezze alle lavoratrici e ai lavoratori. Infine la questione legata all&#8217;attuazione della Legge 22\/2021: realizzare case della comunit\u00e0 e ospedali di comunit\u00e0 vuol dire anche garantire investimenti sul personale che dovr\u00e0 operarvi, ad oggi non abbiamo segnali in proposito&#8221;<\/p>\n<p>[metaslider id=13771]<\/p>\n","protected":false},"excerpt":{"rendered":"<p>Anche nella sala dell&#8217;ESPE di Lecco questa mattina si \u00e8 registrato il tutto esaurito come gi\u00e0 successo per Monza la settimana scorsa. Numerosissima infatti \u00e8 stata la partecipazione delle delegate e dei delegati, delle pensionate e dei pensionati all&#8217;attivo unitario organizzato da CGIL CISL e UIL lecchesi in preparazione della Manifestazione &#8220;per una nuova stagione [&hellip;]<\/p>\n","protected":false},"author":5,"featured_media":13783,"comment_status":"closed","ping_status":"open","sticky":false,"template":"","format":"standard","meta":{"footnotes":""},"categories":[1],"tags":[186],"class_list":{"0":"post-13766","1":"post","2":"type-post","3":"status-publish","4":"format-standard","5":"has-post-thumbnail","7":"category-notizie","8":"tag-attivo-delegati","9":"czr-hentry"},"_links":{"self":[{"href":"https:\/\/www.monzalecco.lombardia.cisl.it\/index.php?rest_route=\/wp\/v2\/posts\/13766","targetHints":{"allow":["GET"]}}],"collection":[{"href":"https:\/\/www.monzalecco.lombardia.cisl.it\/index.php?rest_route=\/wp\/v2\/posts"}],"about":[{"href":"https:\/\/www.monzalecco.lombardia.cisl.it\/index.php?rest_route=\/wp\/v2\/types\/post"}],"author":[{"embeddable":true,"href":"https:\/\/www.monzalecco.lombardia.cisl.it\/index.php?rest_route=\/wp\/v2\/users\/5"}],"replies":[{"embeddable":true,"href":"https:\/\/www.monzalecco.lombardia.cisl.it\/index.php?rest_route=%2Fwp%2Fv2%2Fcomments&post=13766"}],"version-history":[{"count":5,"href":"https:\/\/www.monzalecco.lombardia.cisl.it\/index.php?rest_route=\/wp\/v2\/posts\/13766\/revisions"}],"predecessor-version":[{"id":13812,"href":"https:\/\/www.monzalecco.lombardia.cisl.it\/index.php?rest_route=\/wp\/v2\/posts\/13766\/revisions\/13812"}],"wp:featuredmedia":[{"embeddable":true,"href":"https:\/\/www.monzalecco.lombardia.cisl.it\/index.php?rest_route=\/wp\/v2\/media\/13783"}],"wp:attachment":[{"href":"https:\/\/www.monzalecco.lombardia.cisl.it\/index.php?rest_route=%2Fwp%2Fv2%2Fmedia&parent=13766"}],"wp:term":[{"taxonomy":"category","embeddable":true,"href":"https:\/\/www.monzalecco.lombardia.cisl.it\/index.php?rest_route=%2Fwp%2Fv2%2Fcategories&post=13766"},{"taxonomy":"post_tag","embeddable":true,"href":"https:\/\/www.monzalecco.lombardia.cisl.it\/index.php?rest_route=%2Fwp%2Fv2%2Ftags&post=13766"}],"curies":[{"name":"wp","href":"https:\/\/api.w.org\/{rel}","templated":true}]}}