{"id":13870,"date":"2023-05-12T10:59:26","date_gmt":"2023-05-12T08:59:26","guid":{"rendered":"https:\/\/www.monzalecco.lombardia.cisl.it\/?p=13870"},"modified":"2023-05-12T11:07:51","modified_gmt":"2023-05-12T09:07:51","slug":"roberto-benaglia-incontra-i-lavoratori-alla-tenaris-di-arcore","status":"publish","type":"post","link":"https:\/\/www.monzalecco.lombardia.cisl.it\/?p=13870","title":{"rendered":"Roberto Benaglia incontra i lavoratori alla Tenaris di Arcore"},"content":{"rendered":"<p style=\"font-weight: 400;\">Grande partecipazione dei lavoratori di TENARIS DALMINE SPA alle assemblee tenute ieri in azienda con la presenza del Segretario Generale della FIM Nazionale, Roberto Benaglia, arcorese di nascita e grande conoscitore del territorio brianteo, dove ha iniziato la sua attivit\u00e0 sindacale.<\/p>\n<p style=\"font-weight: 400;\">Al suo fianco il Segretario Generale della FIM CISL Monza Brianza Lecco, Enrico Vacca \u201cLa Tenaris costituisce per la FIM CISL un presidio importante sul territorio, sia dal punto di vista occupazionale e contrattuale che per il modello di relazioni sindacali\u201d. Attualmente nella sede di Arcore sono presenti circa 150 dipendenti.<\/p>\n<p style=\"font-weight: 400;\">Durante le assemblee Benaglia ha toccato diversi temi, dall\u2019impoverimento dei salari alle misure del Governo sul fisco, soffermandosi in particolare sulla situazione del settore siderurgico e sulla forte necessit\u00e0 di politiche industriali in grado di gestire il processo della transizione green, che \u201ctutelino le aziende e sostengano gli investimenti, in particolare quelli destinati alla creazione delle nuove competenze che il mercato richieder\u00e0\u201d. Solo in questo modo il lavoro potr\u00e0 affrontare proattivamente il cambiamento e \u201cnel contempo acquisire valore, un valore che dovr\u00e0 essere adeguatamente retribuito\u201d.<\/p>\n<p style=\"font-weight: 400;\">Sempre da Roberto Benaglia arriva una buona notizia per i metalmeccanici. Nell\u2019ultimo rinnovo del CCNL infatti, alla voce \u201caumenti salariali\u201d, era stata prevista una clausola innovativa di adeguamento automatico all\u2019indice IPCA depurato della dinamica dei beni energetici importanti. In altre parole, per le lavoratrici e i lavoratori metalmeccanici l\u2019aumento delle retribuzioni\u00a0crescer\u00e0 con l&#8217;aumento effettivo del costo della vita, senza bisogno di ulteriore contrattazione. Nella pratica \u00e8 stato stimato che il prossimo aumento medio, invece dei 27 euro indicati in sede di rinnovo del contratto, porter\u00e0 nelle tasche dei lavoratori circa 85 euro mensili.<\/p>\n<p style=\"font-weight: 400;\">Un altro punto discusso con i lavoratori Tenaris ha riguardato l\u2019entrata nel mondo del lavoro dei giovani, spesso alle prese con lavori precari e non in linea con il proprio percorsi di studi. \u201cRendere professionalizzanti le esperienze di lavoro a inizio carriera \u00e8 un investimento sul futuro\u201d ha spiegato Benaglia \u201csignifica sviluppare nuove competenze che determineranno una maggior preparazione e salari pi\u00f9 alti per le esperienze di lavoro successive\u201d.<\/p>\n<p style=\"font-weight: 400;\">Alle assemblee dei lavoratori di Tenaris \u00e8 intervenuto anche il Segretario Generale Cisl Monza Brianza Lecco, Mirco Scaccabarozzi, che ha illustrato i temi indicati dalla piattaforma sindacale unitaria oggetto della mobilitazione che, dopo sabato scorso a Bologna, vedr\u00e0 CGIL CISL e UIL in piazza all\u2019Arco della Pace a Milano la mattina sabato 13 maggio per la seconda delle tre manifestazioni interregionali \u201cPer una nuova stagione del lavoro e dei diritti\u201d. La terza e ultima si svolger\u00e0 a Napoli il prossimo 20 maggio.<\/p>\n<p style=\"font-weight: 400;\">La mobilitazione intende sostenere le richieste unitarie avanzate da CGIL, CISL e UIL e dalle Categorie nei confronti del Governo e del Sistema delle Imprese \u201cal fine di ottenere un cambiamento delle politiche industriali, economiche, sociali e occupazionali\u201d.<\/p>\n<p style=\"font-weight: 400;\">______________<\/p>\n<p style=\"font-weight: 400;\">Al termine dei lavori abbiamo intervistato il Segretario Generale della FIM Nazionale, Roberto Benaglia su<br \/>\n&#8211; prospettive del settore siderurgico italiano;<br \/>\n&#8211; transizione Green: nuove competenze e nuove figure professionale da tutelare;<br \/>\n&#8211; piattaforma per il rinnovo del CCNL, su cosa punter\u00e0 la FIM CISL?<br \/>\n&#8211; mobilitazione sindacale<\/p>\n<p>guarda l&#8217;intervista completa <a href=\"https:\/\/youtu.be\/vlf2uCCoCeo\" target=\"_blank\" rel=\"noopener\">a questo link<\/a><\/p>\n<p>&nbsp;<\/p>\n<p>[metaslider id=13873]<\/p>\n","protected":false},"excerpt":{"rendered":"<p>Grande partecipazione dei lavoratori di TENARIS DALMINE SPA alle assemblee tenute ieri in azienda con la presenza del Segretario Generale della FIM Nazionale, Roberto Benaglia, arcorese di nascita e grande conoscitore del territorio brianteo, dove ha iniziato la sua attivit\u00e0 sindacale. Al suo fianco il Segretario Generale della FIM CISL Monza Brianza Lecco, Enrico Vacca [&hellip;]<\/p>\n","protected":false},"author":5,"featured_media":13871,"comment_status":"closed","ping_status":"open","sticky":false,"template":"","format":"standard","meta":{"footnotes":""},"categories":[1],"tags":[],"class_list":{"0":"post-13870","1":"post","2":"type-post","3":"status-publish","4":"format-standard","5":"has-post-thumbnail","7":"category-notizie","8":"czr-hentry"},"_links":{"self":[{"href":"https:\/\/www.monzalecco.lombardia.cisl.it\/index.php?rest_route=\/wp\/v2\/posts\/13870","targetHints":{"allow":["GET"]}}],"collection":[{"href":"https:\/\/www.monzalecco.lombardia.cisl.it\/index.php?rest_route=\/wp\/v2\/posts"}],"about":[{"href":"https:\/\/www.monzalecco.lombardia.cisl.it\/index.php?rest_route=\/wp\/v2\/types\/post"}],"author":[{"embeddable":true,"href":"https:\/\/www.monzalecco.lombardia.cisl.it\/index.php?rest_route=\/wp\/v2\/users\/5"}],"replies":[{"embeddable":true,"href":"https:\/\/www.monzalecco.lombardia.cisl.it\/index.php?rest_route=%2Fwp%2Fv2%2Fcomments&post=13870"}],"version-history":[{"count":2,"href":"https:\/\/www.monzalecco.lombardia.cisl.it\/index.php?rest_route=\/wp\/v2\/posts\/13870\/revisions"}],"predecessor-version":[{"id":13883,"href":"https:\/\/www.monzalecco.lombardia.cisl.it\/index.php?rest_route=\/wp\/v2\/posts\/13870\/revisions\/13883"}],"wp:featuredmedia":[{"embeddable":true,"href":"https:\/\/www.monzalecco.lombardia.cisl.it\/index.php?rest_route=\/wp\/v2\/media\/13871"}],"wp:attachment":[{"href":"https:\/\/www.monzalecco.lombardia.cisl.it\/index.php?rest_route=%2Fwp%2Fv2%2Fmedia&parent=13870"}],"wp:term":[{"taxonomy":"category","embeddable":true,"href":"https:\/\/www.monzalecco.lombardia.cisl.it\/index.php?rest_route=%2Fwp%2Fv2%2Fcategories&post=13870"},{"taxonomy":"post_tag","embeddable":true,"href":"https:\/\/www.monzalecco.lombardia.cisl.it\/index.php?rest_route=%2Fwp%2Fv2%2Ftags&post=13870"}],"curies":[{"name":"wp","href":"https:\/\/api.w.org\/{rel}","templated":true}]}}