{"id":13951,"date":"2023-05-22T18:04:29","date_gmt":"2023-05-22T16:04:29","guid":{"rendered":"https:\/\/www.monzalecco.lombardia.cisl.it\/?p=13951"},"modified":"2023-05-23T17:49:52","modified_gmt":"2023-05-23T15:49:52","slug":"lavoro-e-legalita-a-lecco-il-ricordo-di-falcone-e-borsellino","status":"publish","type":"post","link":"https:\/\/www.monzalecco.lombardia.cisl.it\/?p=13951","title":{"rendered":"Lavoro e legalit\u00e0, a Lecco il ricordo di Falcone e Borsellino"},"content":{"rendered":"<p><b>Lavoro e legalit\u00e0, a Lecco l\u2019iniziativa \u201cGiovanni Falcone e Paolo Borsellino \u2013 il dono di una testimonianza sempre attuale\u201d con la partecipazione di Marta Fiore, figlia di Rita e nipote di Paolo Borsellino.<span class=\"Apple-converted-space\">\u00a0<\/span><\/b><b><i><\/i><\/b><\/p>\n<p><i>Lecco, 22 maggio 2023<\/i> \u2013<span class=\"Apple-converted-space\">\u00a0 <\/span>Si \u00e8 svolto all&#8217;Istituto Maria Ausiliatrice di Lecco, gi\u00e0 protagonista lo scorso settembre della &#8220;Staffetta della Legalit\u00e0&#8221;, il seminario &#8220;Giovanni Falcone e Paolo Borsellino, il dono di una testimonianza sempre attuale&#8221; organizzato dalla Fai Cisl Monza Brianza Lecco.<span class=\"Apple-converted-space\">\u00a0<\/span><\/p>\n<p>La giornata, introdotta dal segretario generale territoriale della Fai Cisl Stefano Bosisio, ha visto la partecipazione di Daniele Cavalleri segretario generale Fai Cisl Lombardia, Mirco Scaccabarozzi segretario generale Cisl Monza Brianza Lecco, Salvatore Ciarlone e molti altri dirigenti sindacali. All\u2019iniziativa hanno partecipato tra gli altri anche il Sindaco di Lecco, Mauro Gattinoni, il Prefetto Sergio Pomponio, Sr. Francesca Robustelli, direttrice dell\u2019Istituto Maria Ausiliatrice, don Nazario Costante responsabile pastorale sociale e del lavoro della diocesi di Milano. All&#8217;incontro hanno portato la loro testimonianza gli studenti delle scuole medie e superiori dell&#8217;ImaLecco, con il racconto delle esperienze &#8220;Addio pizzo a Napoli&#8221; e &#8220;Sulle orme di Paolo Borsellino a Palermo&#8221;.<span class=\"Apple-converted-space\">\u00a0<\/span><\/p>\n<p>&#8220;La mafia non \u00e8 un fenomeno che riguarda solo il sud, ma \u00e8 una piaga che interessa tutto il nostro Paese &#8211; ha ricordato il Sindaco di Lecco Gattinoni &#8211; Nella nostra citt\u00e0 ci sono alcuni esempi di beni confiscati ai mafiosi e reimpiegati per attivit\u00e0 commerciali, culturali, strutture restituite alla comunit\u00e0 e punti di riferimento collettivo. Lecco, lo ricordo sempre, ha un primato importantissimo di riscatto, con Piero Nava, testimone dell&#8217;omicidio del giudice Rosario Livatino da parte di un commando mafioso il 21 settembre 1990, che coraggiosamente testimoni\u00f2 il fatto e da allora vive sotto scorta&#8221;.<span class=\"Apple-converted-space\">\u00a0<\/span><\/p>\n<p>Mirco Scaccabarozzi, segretario generale Cisl Monza Brianza Lecco \u201cA fianco del contrasto legale compiuto dalle forze dell\u2019ordine, c\u2019\u00e8 un contrasto di tipo culturale alle organizzazioni mafiose che operano anche sul nostro territorio di cui fa parte il Sindacato. La contrattazione \u00e8 uno strumento essenziale per garantire sul territorio un\u2019economia sana e legale. Altrettanto importante \u00e8 il grado di attenzione verso i segnali di attivit\u00e0 mafiose, soprattutto ora che sul territorio stanno arrivando grandi quantit\u00e0 di soldi grazie al PNRR. Per questo abbiamo attivato dei percorsi di formazione per i delegati sindacali, cos\u00ec che ne sappiano cogliere i sintomi e conoscano gli enti territoriali a cui rivolgersi.\u201d<\/p>\n<p>Intensa la testimonianza di Marta Fiore, figlia di Rita e nipote di Paolo Borsellino &#8220;Il richiamo alla responsabilit\u00e0 oggi \u00e8 ritornato in pi\u00f9 interventi. La responsabilit\u00e0 \u00e8 un atteggiamento che costruiamo nella nostra vita giorno per giorno &#8211; ha sottolineato Marta Fiore &#8211; \u00c9 una scelta quella di vedere, di denunciare, di difendere, di rispettare. Sono molto felice di vedere che la &#8220;margotta&#8221; realizzata dalla potatura dell&#8217;ulivo di zio Paolo sta crescendo nel vostro giardino. \u00c8 un simbolo del sangue versato ma anche di pace e solidariet\u00e0, per passare il testimone alle nuove generazioni, a voi giovani, che potete davvero fare la differenza per la cura del bene comune e per la legalit\u00e0&#8221;.<span class=\"Apple-converted-space\">\u00a0<\/span><\/p>\n<p>Le conclusioni sono state affidate al segretario generale Fai Cisl Onofrio Rota che ha ricordato le molte iniziative messe in atto dalla Fai Cisl per contrastare il lavoro irregolare, lo sfruttamento, la disparit\u00e0 sociale, &#8220;Sos Caporalato&#8221;, la petizione &#8220;Mai pi\u00f9 ghetti&#8221;, i camper di &#8220;Tutele in movimento&#8221;, l&#8217;iniziativa &#8220;La Staffetta della Legalit\u00e0&#8221; conclusa proprio a Lecco. &#8220;Domani ricorre l&#8217;anniversario della strage di Capaci, a luglio ricordiamo via D&#8217;Amelio. Falcone e Borsellino sono esempi concreti di come il cambiamento parta dal protagonismo di ciascuno di noi. Ieri ero alla Marcia per la Pace Perugia-Assisi e ho visto tanti giovani che si dedicano al volontariato, che in questi giorni vediamo impegnati nelle terre martoriate dell\u2019Emilia Romagna, e credo sia questa la testimonianza pi\u00f9 bella di una generazione che crede nella solidariet\u00e0, nell\u2019impegno civile e nella giustizia sociale\u201d.<\/p>\n<p>&nbsp;<\/p>\n<p>[metaslider id=13954]<\/p>\n","protected":false},"excerpt":{"rendered":"<p>Lavoro e legalit\u00e0, a Lecco l\u2019iniziativa \u201cGiovanni Falcone e Paolo Borsellino \u2013 il dono di una testimonianza sempre attuale\u201d con la partecipazione di Marta Fiore, figlia di Rita e nipote di Paolo Borsellino.\u00a0 Lecco, 22 maggio 2023 \u2013\u00a0 Si \u00e8 svolto all&#8217;Istituto Maria Ausiliatrice di Lecco, gi\u00e0 protagonista lo scorso settembre della &#8220;Staffetta della Legalit\u00e0&#8221;, [&hellip;]<\/p>\n","protected":false},"author":5,"featured_media":13959,"comment_status":"closed","ping_status":"open","sticky":false,"template":"","format":"standard","meta":{"footnotes":""},"categories":[1],"tags":[986,344,1120,1127,1126,1124,1125],"class_list":{"0":"post-13951","1":"post","2":"type-post","3":"status-publish","4":"format-standard","5":"has-post-thumbnail","7":"category-notizie","8":"tag-borsellino","9":"tag-fai-cisl","10":"tag-falcone","11":"tag-lotta-al-caporalato","12":"tag-lotta-alle-mafie","13":"tag-marta-fiore","14":"tag-strage-di-capaci","15":"czr-hentry"},"_links":{"self":[{"href":"https:\/\/www.monzalecco.lombardia.cisl.it\/index.php?rest_route=\/wp\/v2\/posts\/13951","targetHints":{"allow":["GET"]}}],"collection":[{"href":"https:\/\/www.monzalecco.lombardia.cisl.it\/index.php?rest_route=\/wp\/v2\/posts"}],"about":[{"href":"https:\/\/www.monzalecco.lombardia.cisl.it\/index.php?rest_route=\/wp\/v2\/types\/post"}],"author":[{"embeddable":true,"href":"https:\/\/www.monzalecco.lombardia.cisl.it\/index.php?rest_route=\/wp\/v2\/users\/5"}],"replies":[{"embeddable":true,"href":"https:\/\/www.monzalecco.lombardia.cisl.it\/index.php?rest_route=%2Fwp%2Fv2%2Fcomments&post=13951"}],"version-history":[{"count":2,"href":"https:\/\/www.monzalecco.lombardia.cisl.it\/index.php?rest_route=\/wp\/v2\/posts\/13951\/revisions"}],"predecessor-version":[{"id":13986,"href":"https:\/\/www.monzalecco.lombardia.cisl.it\/index.php?rest_route=\/wp\/v2\/posts\/13951\/revisions\/13986"}],"wp:featuredmedia":[{"embeddable":true,"href":"https:\/\/www.monzalecco.lombardia.cisl.it\/index.php?rest_route=\/wp\/v2\/media\/13959"}],"wp:attachment":[{"href":"https:\/\/www.monzalecco.lombardia.cisl.it\/index.php?rest_route=%2Fwp%2Fv2%2Fmedia&parent=13951"}],"wp:term":[{"taxonomy":"category","embeddable":true,"href":"https:\/\/www.monzalecco.lombardia.cisl.it\/index.php?rest_route=%2Fwp%2Fv2%2Fcategories&post=13951"},{"taxonomy":"post_tag","embeddable":true,"href":"https:\/\/www.monzalecco.lombardia.cisl.it\/index.php?rest_route=%2Fwp%2Fv2%2Ftags&post=13951"}],"curies":[{"name":"wp","href":"https:\/\/api.w.org\/{rel}","templated":true}]}}