{"id":13997,"date":"2023-05-23T17:41:23","date_gmt":"2023-05-23T15:41:23","guid":{"rendered":"https:\/\/www.monzalecco.lombardia.cisl.it\/?p=13997"},"modified":"2023-05-23T17:46:58","modified_gmt":"2023-05-23T15:46:58","slug":"anche-la-cisl-partecipa-al-cer-di-lecco","status":"publish","type":"post","link":"https:\/\/www.monzalecco.lombardia.cisl.it\/?p=13997","title":{"rendered":"Anche la CISL partecipa al CER di Lecco"},"content":{"rendered":"<p style=\"font-weight: 400;\">E&#8217; stato presentato ieri sera, presso il Palazzo del commercio, il progetto del CER (comunit\u00e0 energetiche rinnovabili) della citt\u00e0 di Lecco a cui partecipano anche CGIL e CISL territoriali insieme ad associazioni, scuole e aziende del territorio.<\/p>\n<p style=\"font-weight: 400;\">Il progetto \u00e8 finanziato, tramite bando regionale, dalle risorse messe a disposizione dal PNRR per l&#8217;ammodernamento degli impianti energetici.<\/p>\n<p style=\"font-weight: 400;\">\u201cPer noi Sindacato l\u2019importanza del progetto va oltre l&#8217;obiettivo primario legato alla sostenibilit\u00e0 ambientale\u201d ha spiegato Mirco Scaccabarozzi, Segretario Generale CISL Monza Brianza Lecco. \u201cNonostante siamo piccoli prosumer (produttori ma anche consumatori), il valore aggiunto che ci ha fatto decidere di contribuire al CER \u00e8 il suo fine solidaristico nei confronti delle fasce pi\u00f9 deboli della comunit\u00e0 lecchese\u201d. Il ricavato dell&#8217;energia non utilizzata dalla comunit\u00e0 energetica rinnovabile e re-immessa sul mercato andr\u00e0 infatti ad alimentare un Fondo gestito dalla Fondazione Comunitaria del Lecchese che finanzier\u00e0 progetti di carattere sociale o ambientale promossi da enti del terzo settore.<\/p>\n<p style=\"font-weight: 400;\">Durante la serata hanno contribuito alla discussione moderata dal Prof. Mario Motta (Head of RELab &#8211; REnewable heating and cooling Lab Department of Energy, Politecnico di Milano): Renata Zuffi, Assessora Ambiente, Mobilit\u00e0 e Pari Opportunit\u00e0 del Comune di Lecco,\u00a0 Paolo Dell\u2019Oro, Segretario Fondazione Comunitaria del Lecchese Onlus, Mauro Piazza, Consigliere Regione Lombardia, Jacopo Picate, Amministratore Delegati di A5 Innovazione srl, societ\u00e0 attiva sul territorio per lo sviluppo delle CER.<\/p>\n<p>[metaslider id=14006]<\/p>\n","protected":false},"excerpt":{"rendered":"<p>E&#8217; stato presentato ieri sera, presso il Palazzo del commercio, il progetto del CER (comunit\u00e0 energetiche rinnovabili) della citt\u00e0 di Lecco a cui partecipano anche CGIL e CISL territoriali insieme ad associazioni, scuole e aziende del territorio. Il progetto \u00e8 finanziato, tramite bando regionale, dalle risorse messe a disposizione dal PNRR per l&#8217;ammodernamento degli impianti [&hellip;]<\/p>\n","protected":false},"author":5,"featured_media":14000,"comment_status":"closed","ping_status":"open","sticky":false,"template":"","format":"standard","meta":{"footnotes":""},"categories":[1],"tags":[1130,1131,1129,1132,70,846],"class_list":{"0":"post-13997","1":"post","2":"type-post","3":"status-publish","4":"format-standard","5":"has-post-thumbnail","7":"category-notizie","8":"tag-cer","9":"tag-cer-lecco","10":"tag-comunita-energetiche-rinnovabili","11":"tag-energie-rinnovabili","12":"tag-regione-lombardia","13":"tag-sostenibilita","14":"czr-hentry"},"_links":{"self":[{"href":"https:\/\/www.monzalecco.lombardia.cisl.it\/index.php?rest_route=\/wp\/v2\/posts\/13997","targetHints":{"allow":["GET"]}}],"collection":[{"href":"https:\/\/www.monzalecco.lombardia.cisl.it\/index.php?rest_route=\/wp\/v2\/posts"}],"about":[{"href":"https:\/\/www.monzalecco.lombardia.cisl.it\/index.php?rest_route=\/wp\/v2\/types\/post"}],"author":[{"embeddable":true,"href":"https:\/\/www.monzalecco.lombardia.cisl.it\/index.php?rest_route=\/wp\/v2\/users\/5"}],"replies":[{"embeddable":true,"href":"https:\/\/www.monzalecco.lombardia.cisl.it\/index.php?rest_route=%2Fwp%2Fv2%2Fcomments&post=13997"}],"version-history":[{"count":2,"href":"https:\/\/www.monzalecco.lombardia.cisl.it\/index.php?rest_route=\/wp\/v2\/posts\/13997\/revisions"}],"predecessor-version":[{"id":14016,"href":"https:\/\/www.monzalecco.lombardia.cisl.it\/index.php?rest_route=\/wp\/v2\/posts\/13997\/revisions\/14016"}],"wp:featuredmedia":[{"embeddable":true,"href":"https:\/\/www.monzalecco.lombardia.cisl.it\/index.php?rest_route=\/wp\/v2\/media\/14000"}],"wp:attachment":[{"href":"https:\/\/www.monzalecco.lombardia.cisl.it\/index.php?rest_route=%2Fwp%2Fv2%2Fmedia&parent=13997"}],"wp:term":[{"taxonomy":"category","embeddable":true,"href":"https:\/\/www.monzalecco.lombardia.cisl.it\/index.php?rest_route=%2Fwp%2Fv2%2Fcategories&post=13997"},{"taxonomy":"post_tag","embeddable":true,"href":"https:\/\/www.monzalecco.lombardia.cisl.it\/index.php?rest_route=%2Fwp%2Fv2%2Ftags&post=13997"}],"curies":[{"name":"wp","href":"https:\/\/api.w.org\/{rel}","templated":true}]}}