{"id":14261,"date":"2023-07-06T17:43:29","date_gmt":"2023-07-06T15:43:29","guid":{"rendered":"https:\/\/www.monzalecco.lombardia.cisl.it\/?p=14261"},"modified":"2023-07-07T20:00:45","modified_gmt":"2023-07-07T18:00:45","slug":"sbarra-a-seveso-per-la-raccolte-firme-cisl","status":"publish","type":"post","link":"https:\/\/www.monzalecco.lombardia.cisl.it\/?p=14261","title":{"rendered":"Sbarra a Seveso per l&#8217;avvio della raccolta firme CISL"},"content":{"rendered":"<p style=\"font-weight: 400;\">Luigi Sbarra, Segretario Generale della CISL nazionale, ha accompagnato e chiuso i lavori del Consiglio Generale della CISL Monza Brianza Lecco riunitosi questa mattina al Centro Pastorale Ambrosiano a Seveso.<\/p>\n<p style=\"font-weight: 400;\"><em>\u201cConcretezza e pragmatismo sono i tratti distintivi di questo straordinario territorio e di una regione che \u00e8 il cuore pulsante e produttivo del Paese. Questi elementi rappresentano, da sempre, anche il modo di operare, l\u2019essenza della \u201cidentit\u00e0\u201d CISL\u201d <\/em>ha spiegato Sbarra.<em> \u201cLavoro, salari, pensioni, fisco, giovani, donne, Sud, scuola, politica industriale, sanit\u00e0, sicurezza: \u00e8 su questi temi che dobbiamo costruire un Patto di corresponsabilit\u00e0 se vogliamo veramente un Paese solidale, produttivo, equo, unito. Questa era la ragione profonda della mobilitazione unitaria culminata nelle tre grandi manifestazioni di maggio. Una lotta finalizzata a recuperare e rendere solido il filo del confronto con il governo.\u00a0 <\/em><\/p>\n<p style=\"font-weight: 400;\"><em>Con l\u2019incontro del 30 maggio a Palazzo Chigi e gli impegni presi dalla premier Meloni, si \u00e8 aperta una fase nuova e si sono attivati, o sono ripresi, diversi tavoli di confronto.\u00a0 Certo, ora dovranno venire i fatti. Il confronto dovr\u00e0 continuare in modo serrato e senza sconti. Ma sminuire questi momenti di confronto equivale a negare il senso stesso della lotta che abbiamo messo in campo in questi mesi\u201d.<\/em><em>\u00a0<\/em><\/p>\n<p style=\"font-weight: 400;\">L\u2019evento rappresenta l\u2019avvio formale, a livello territoriale, della campagna di raccolta firme promossa dalla CISL per la presentazione della proposta di Legge di iniziativa popolare <strong>&#8220;La Partecipazione al Lavoro&#8221;<\/strong> partita lo scorso 1 giugno in tutta Italia. La mobilitazione ha lo scopo di portare in Parlamento una proposta di legge sulla Partecipazione e sulla democrazia economica che dia attuazione all\u2019articolo 46 della Costituzione italiana, definendo e promuovendo iniziative contrattuali nazionali e di secondo livello per la partecipazione dei lavoratori alla governance d\u2019impresa, leva centrale di un progresso socialmente sostenibile verso una prospettiva di vera democrazia economica.<\/p>\n<p style=\"font-weight: 400;\"><em>\u201cE\u2019 giunto il momento di garantire anche un forte coinvolgimento dei lavoratori alle decisioni, ai profitti, all\u2019organizzazione delle imprese nel segno della partecipazione\u201d <\/em>ha spiegato Sbarra<em>. \u201cSolo cos\u00ec procederemo concretamente verso una vera democrazia. Questo \u00e8 l\u2019obiettivo della nostra campagna di raccolta firme per una legge di iniziativa popolare sulla partecipazione dei lavoratori alla gestione delle aziende\u201d.\u00a0\u00a0 <\/em><\/p>\n<p style=\"font-weight: 400;\">Quattro sono le possibili modalit\u00e0 di Partecipazione dei lavoratori previste dalla proposta di Legge:<\/p>\n<ul>\n<li><strong>gestionale<\/strong>, concerne la presenza dei dipendenti o di professionisti da loro indicati nei consigli di amministrazione o di sorveglianza.<\/li>\n<li><strong>economico-finanziaria<\/strong>, regola la compartecipazione ai profitti e ai risultati dell\u2019impresa, compreso l\u2019azionariato.<\/li>\n<li><strong>organizzativa<\/strong>, interessa le modalit\u00e0 di coinvolgimento dei lavoratori nelle decisioni relative ai miglioramenti organizzativi, di processo e di prodotto.<\/li>\n<li><strong>consultiva<\/strong>, avviene attraverso il necessario confronto, a monte, con il sindacato sulle decisioni pi\u00f9 rilevanti per il futuro dell\u2019azienda.<\/li>\n<\/ul>\n<p style=\"font-weight: 400;\">Ai lavori del Consiglio Generale, oltre a Sbarra, era presente il Segretario Generale \u00a0CISL Lombardia Ugo Duci <em>\u201cOggi sul tavolo ci sono diversi temi, uno su tutti la sanit\u00e0: dobbiamo costruire finalmente la medicina territoriale, la cui mancanza ha fatto tanti danni durante la pandemia; abbiamo anche un altro importante appuntamento,\u00a0 quello di mettere finalmente a terra in Lombardia, sui nostri territori e anche in Brianza, il PNRR. Non possiamo perdere questa grande occasione di rilancio, di sviluppo economico e sociale della nostra Regione, quindi come sindacato chiediamo al Presidente Fontana e alla Giunta regionale che immediatamente si aprano i Tavoli per decidere nei vari settori di intervento come utilizzare le risorse di questo strumento, che non c\u2019\u00e8 mai stato prima e difficilmente ci sar\u00e0 un\u2019altra volta\u201d.<\/em><\/p>\n<p style=\"font-weight: 400;\">E rispetto alla campagna di raccolta firme Duci ha ricordato come <em>\u201c75 anni fa i Padri costituenti nell\u2019Articolo 46 della Costituzione hanno previsto che per l\u2019elevazione economica e sociale i lavoratori possano e debbano partecipare alla gestione e agli utili dell\u2019impresa. Oggi \u00e8 venuto il tempo, vista anche la dimensione dei salari che fanno fatica a star dietro all\u2019inflazione, di realizzare una democrazia economica nel nostro Paese, che consenta ai lavoratori di poter incrementare il proprio reddito che da troppo tempo \u00e8 fermo\u201d<\/em><\/p>\n<p style=\"font-weight: 400;\"><em>\u201cIl Consiglio Generale odierno \u00e8 stata anche l\u2019occasione per fare il punto sul contesto economico del nostro territorio <\/em>ha dichiarato Annalisa Caron, Segretaria CISL Monza Brianza Lecco. <em>\u201cI dati i nostri in possesso ci forniscono un quadro di stabilit\u00e0 sia dal punto di vista della produzione che dell\u2019occupazione. Nel territorio di Lecco \u00e8 da segnalare il buono stato di salute del terziario dove commercio e i servizi hanno gli indici di crescita pi\u00f9 elevati e significativi. Nella provincia di Monza e Brianza la crescita \u00e8 pi\u00f9 contenuta. Interessante il fenomeno della stabilizzazione dei contratti a tempo determinato diffuso in tutti i settori con punte nei servizi. In entrambi i territori si registra il consolidamento del disallineamento fra domanda e offerta di lavoro, con la previsione delle aziende di entrambe le province di incontrare difficolt\u00e0 a trovare i profili desiderati e necessari\u201d.<\/em><\/p>\n<p style=\"font-weight: 400;\"><em>\u00a0<\/em>Presenti in sala anche i Segretari regionali Enzo Mesagna e Fabio Nava.<\/p>\n<p><a href=\"https:\/\/www.monzalecco.lombardia.cisl.it\/wp-content\/uploads\/2023\/07\/Relazione-CG-06-07-2023.pdf\" target=\"_blank\" rel=\"noopener\">La relazione di Segreteria CISL Monza Brianza Lecco<\/a><\/p>\n<p>[metaslider id=14295]<\/p>\n","protected":false},"excerpt":{"rendered":"<p>Luigi Sbarra, Segretario Generale della CISL nazionale, ha accompagnato e chiuso i lavori del Consiglio Generale della CISL Monza Brianza Lecco riunitosi questa mattina al Centro Pastorale Ambrosiano a Seveso. \u201cConcretezza e pragmatismo sono i tratti distintivi di questo straordinario territorio e di una regione che \u00e8 il cuore pulsante e produttivo del Paese. Questi [&hellip;]<\/p>\n","protected":false},"author":5,"featured_media":14266,"comment_status":"closed","ping_status":"open","sticky":false,"template":"","format":"standard","meta":{"footnotes":""},"categories":[1],"tags":[],"class_list":{"0":"post-14261","1":"post","2":"type-post","3":"status-publish","4":"format-standard","5":"has-post-thumbnail","7":"category-notizie","8":"czr-hentry"},"_links":{"self":[{"href":"https:\/\/www.monzalecco.lombardia.cisl.it\/index.php?rest_route=\/wp\/v2\/posts\/14261","targetHints":{"allow":["GET"]}}],"collection":[{"href":"https:\/\/www.monzalecco.lombardia.cisl.it\/index.php?rest_route=\/wp\/v2\/posts"}],"about":[{"href":"https:\/\/www.monzalecco.lombardia.cisl.it\/index.php?rest_route=\/wp\/v2\/types\/post"}],"author":[{"embeddable":true,"href":"https:\/\/www.monzalecco.lombardia.cisl.it\/index.php?rest_route=\/wp\/v2\/users\/5"}],"replies":[{"embeddable":true,"href":"https:\/\/www.monzalecco.lombardia.cisl.it\/index.php?rest_route=%2Fwp%2Fv2%2Fcomments&post=14261"}],"version-history":[{"count":4,"href":"https:\/\/www.monzalecco.lombardia.cisl.it\/index.php?rest_route=\/wp\/v2\/posts\/14261\/revisions"}],"predecessor-version":[{"id":14333,"href":"https:\/\/www.monzalecco.lombardia.cisl.it\/index.php?rest_route=\/wp\/v2\/posts\/14261\/revisions\/14333"}],"wp:featuredmedia":[{"embeddable":true,"href":"https:\/\/www.monzalecco.lombardia.cisl.it\/index.php?rest_route=\/wp\/v2\/media\/14266"}],"wp:attachment":[{"href":"https:\/\/www.monzalecco.lombardia.cisl.it\/index.php?rest_route=%2Fwp%2Fv2%2Fmedia&parent=14261"}],"wp:term":[{"taxonomy":"category","embeddable":true,"href":"https:\/\/www.monzalecco.lombardia.cisl.it\/index.php?rest_route=%2Fwp%2Fv2%2Fcategories&post=14261"},{"taxonomy":"post_tag","embeddable":true,"href":"https:\/\/www.monzalecco.lombardia.cisl.it\/index.php?rest_route=%2Fwp%2Fv2%2Ftags&post=14261"}],"curies":[{"name":"wp","href":"https:\/\/api.w.org\/{rel}","templated":true}]}}