{"id":14334,"date":"2023-07-07T21:23:43","date_gmt":"2023-07-07T19:23:43","guid":{"rendered":"https:\/\/www.monzalecco.lombardia.cisl.it\/?p=14334"},"modified":"2023-07-07T21:23:43","modified_gmt":"2023-07-07T19:23:43","slug":"metalmeccanici-lo-sciopero-a-monza-e-lecco","status":"publish","type":"post","link":"https:\/\/www.monzalecco.lombardia.cisl.it\/?p=14334","title":{"rendered":"Metalmeccanici: lo sciopero a Monza e Lecco"},"content":{"rendered":"<blockquote>\n<p style=\"font-weight: 400;\"><strong>A Monza e Lecco lavoratori metalmeccanici in sciopero \u00a0<\/strong><strong>e in presidio davanti alle Prefetture<\/strong><\/p>\n<p style=\"font-weight: 400;\">Anche sui territori di Monza Brianza e Lecco lo sciopero nazionale indetto per oggi dalle categorie sindacali dei metalmeccanici FIM CISL, FIOM CGIL e UILM UIL ha avuto ottimi risultati con adesioni che, nelle aziende con particolari problematiche aziendali, hanno toccato il 70\/80%.<\/p>\n<p style=\"font-weight: 400;\">Le parole di Enrico Vacca, Segretario Generale Fim CISL Monza Brianza Lecco \u201c<em>Si tratta di un risultato assolutamente positivo. Le metalmeccaniche e le metalmeccaniche hanno recepito l\u2019importanza dei temi che riguardano le politiche industriali e le situazioni di crisi a livello nazionale e sui territori che FIM, FIOM e UILM hanno voluto mettere al centro di questa mobilitazione. Per quanto riguarda i nostri territori, quelli di Monza Brianza e Lecco, siamo stati ricevuti nelle due Prefetture che hanno recepito sia i documenti presentati dalle categorie sindacali sullo sciopero e hanno voluto ascoltare le ragioni del sindacato per la protesta di oggi, cogliendone gli spetti pi\u00f9 importanti e impegnandosi a trasferire al Ministero del Made in Italy, che \u00e8 quello pi\u00f9 direttamente coinvolto, le ragioni delle metalmeccaniche e dei metalmeccanici. Nel complesso possiamo considerare la giornata di oggi un risultato positivo e un punto di partenza per mettere al centro dell\u2019azione sindacale e politica la categoria dei metalmeccanici e il mondo industriale senza i quali non si pu\u00f2 pensare di proseguire un discorso di sviluppo economico e sociale del Paese.<\/em><\/p>\n<p style=\"font-weight: 400;\"><strong>\u00a0<\/strong><\/p>\n<p style=\"font-weight: 400;\"><strong>Le ragioni dello sciopero<\/strong><\/p>\n<p style=\"font-weight: 400;\">Transizione ecologica, digitale, energetica e tecnologica richiedono importanti scelte da parte del Governo sui temi del lavoro e dell&#8217;industria, per far s\u00ec che i cambiamenti diventino altrettante occasioni per il rilancio del settore, dell&#8217;occupazione e degli investimenti, per una transizione sostenibile e per la risoluzione delle crisi aperte.<\/p>\n<p style=\"font-weight: 400;\">In sintesi, FIM, FIOM e UILM chiedono:<\/p>\n<ul>\n<li>l&#8217;apertura di tavoli di confronto sui settori e sulle filiere in difficolt\u00e0 per definire i piani di sviluppo;<\/li>\n<li>l&#8217;incremento e il confronto sugli investimenti pubblici e privati nei settori strategici e la reindustrializzazione delle aree di crisi per garantire l&#8217;occupazione;<\/li>\n<li>di valorizzare e sostenere il reddito da lavoro;<\/li>\n<li>l&#8217;impegno comune al confronto e all&#8217;uso delle risorse del PNRR per lo sviluppo del settore metalmeccanico;<\/li>\n<li>la riforma degli ammortizzatori sociali, con strumenti adeguati alla transizione ecologica e digitale;<\/li>\n<li>l&#8217;incentivazione di contratti di espansione e di solidariet\u00e0, per ridurre l&#8217;orario di lavoro e favorire l&#8217;occupazione giovanile;<\/li>\n<li>un piano di formazione sulle nuove competenze, la riqualificazione e la valorizzazione degli Istituti Tecnici Superiori e del sistema universitario;<\/li>\n<li>di intervenire per aumentare la dimensione d&#8217;impresa, superare le gare al massimo ribasso negli appalti e stabilizzare il lavoro precario.<\/li>\n<\/ul>\n<p>[metaslider id=14336]<\/p><\/blockquote>\n","protected":false},"excerpt":{"rendered":"<p>A Monza e Lecco lavoratori metalmeccanici in sciopero \u00a0e in presidio davanti alle Prefetture Anche sui territori di Monza Brianza e Lecco lo sciopero nazionale indetto per oggi dalle categorie sindacali dei metalmeccanici FIM CISL, FIOM CGIL e UILM UIL ha avuto ottimi risultati con adesioni che, nelle aziende con particolari problematiche aziendali, hanno toccato [&hellip;]<\/p>\n","protected":false},"author":5,"featured_media":14356,"comment_status":"closed","ping_status":"open","sticky":false,"template":"","format":"standard","meta":{"footnotes":""},"categories":[1],"tags":[],"class_list":{"0":"post-14334","1":"post","2":"type-post","3":"status-publish","4":"format-standard","5":"has-post-thumbnail","7":"category-notizie","8":"czr-hentry"},"_links":{"self":[{"href":"https:\/\/www.monzalecco.lombardia.cisl.it\/index.php?rest_route=\/wp\/v2\/posts\/14334","targetHints":{"allow":["GET"]}}],"collection":[{"href":"https:\/\/www.monzalecco.lombardia.cisl.it\/index.php?rest_route=\/wp\/v2\/posts"}],"about":[{"href":"https:\/\/www.monzalecco.lombardia.cisl.it\/index.php?rest_route=\/wp\/v2\/types\/post"}],"author":[{"embeddable":true,"href":"https:\/\/www.monzalecco.lombardia.cisl.it\/index.php?rest_route=\/wp\/v2\/users\/5"}],"replies":[{"embeddable":true,"href":"https:\/\/www.monzalecco.lombardia.cisl.it\/index.php?rest_route=%2Fwp%2Fv2%2Fcomments&post=14334"}],"version-history":[{"count":2,"href":"https:\/\/www.monzalecco.lombardia.cisl.it\/index.php?rest_route=\/wp\/v2\/posts\/14334\/revisions"}],"predecessor-version":[{"id":14359,"href":"https:\/\/www.monzalecco.lombardia.cisl.it\/index.php?rest_route=\/wp\/v2\/posts\/14334\/revisions\/14359"}],"wp:featuredmedia":[{"embeddable":true,"href":"https:\/\/www.monzalecco.lombardia.cisl.it\/index.php?rest_route=\/wp\/v2\/media\/14356"}],"wp:attachment":[{"href":"https:\/\/www.monzalecco.lombardia.cisl.it\/index.php?rest_route=%2Fwp%2Fv2%2Fmedia&parent=14334"}],"wp:term":[{"taxonomy":"category","embeddable":true,"href":"https:\/\/www.monzalecco.lombardia.cisl.it\/index.php?rest_route=%2Fwp%2Fv2%2Fcategories&post=14334"},{"taxonomy":"post_tag","embeddable":true,"href":"https:\/\/www.monzalecco.lombardia.cisl.it\/index.php?rest_route=%2Fwp%2Fv2%2Ftags&post=14334"}],"curies":[{"name":"wp","href":"https:\/\/api.w.org\/{rel}","templated":true}]}}