{"id":14371,"date":"2023-07-17T17:13:47","date_gmt":"2023-07-17T15:13:47","guid":{"rendered":"https:\/\/www.monzalecco.lombardia.cisl.it\/?p=14371"},"modified":"2023-07-18T18:02:30","modified_gmt":"2023-07-18T16:02:30","slug":"giornata-delle-associazioni-burkinabe","status":"publish","type":"post","link":"https:\/\/www.monzalecco.lombardia.cisl.it\/?p=14371","title":{"rendered":"La CISL ospite delle associazioni Burkinab\u00e8"},"content":{"rendered":"<p>Tre giorni di festa per riunire le comunit\u00e0 burkinab\u00e8 italiane all&#8217;insegna della<strong> &#8220;solidariet\u00e0 e resilienza contro il terrorismo&#8221;. <\/strong>Un lungo weekend iniziato venerd\u00ec con le <strong>visite istituzionali dei rappresentanti politici<\/strong> del Burkina Faso al Comune e alla Prefettura di Lecco, oltre che ad una azienda del territorio, continuato nella giornata di sabato con la <strong>conferenza &#8220;Il contributo delle rimesse della diaspora nello sviluppo economico e socio culturale del Burkina Faso nell&#8217;attuale contesto di instabilit\u00e0&#8221;. <\/strong>Nel pomeriggio si sono tenuti i tornei sportivi e, nella serata, un grande momento di festa e condivisione delle associazioni burkinab\u00e8 dinanzi alle autorit\u00e0 politiche, fra cui il <strong>Ministro dell\u2019Economia e delle Finanze, ABOUBAKAR NACANABO<\/strong>\u00a0e <strong>tre Re del Burkina Faso,<\/strong> con esibizioni, balli e sfilate di moda.<\/p>\n<p>La <strong>CISL<\/strong> e <strong>ANOLF Monza Brianza Lecco sono state attivamente coinvolte nelle tre giornate. Presenti <\/strong>i <strong>Segretari Annalisa Caron e Roberto Frigerio<\/strong> e il <strong>Presidente di ANOLF territoriale, Andrea Massironi.<\/strong><\/p>\n<p><em>&#8220;La presenza della CISL e di ANOLF si spiega molto semplicemente: un legame di amicizia, vicinanza e cooperazione ci lega a questa comunit\u00e0&#8221;<\/em> <strong>ha dichiarato Annalisa Caron. &#8220;<\/strong><em>Siamo stati onorati dell&#8217;invito a condividere questo momento importantissimo per la comunit\u00e0 burkinab\u00e8 che rinsalda i legami con la terra di origine affrontando nel contempo le problematiche di chi vive stabilmente sul nostro territorio&#8221;. <\/em>Nel 2022, gli iscritti alla CISL Lombardia di nazionalit\u00e0 burkinab\u00e8 erano 415, di cui un centinaio iscritti nel territorio Monza Brianza Lecco, prevalentemente impiegati nel settore metalmeccanico e dei servizi. <em>&#8220;Uno dei valori fondanti della CISL \u00e8 la centralit\u00e0 della persona. Nell\u2019azione di ogni giorno siamo chiamati a riconoscere nell\u2019altro che incontriamo la persona con la sua storia, le sue aspirazioni e i suoi bisogni, sia per quel che riguarda la vita personale e famigliare che nella sua dimensione di lavoratore. <\/em><em>Il lavoro, in particolare, quando \u00e8 buono e regolare costituisce il pi\u00f9 potente motore dell\u2019integrazione dei migranti nella societ\u00e0 di arrivo&#8221;.<\/em> continua Caron.<em> &#8220;Per questo cerchiamo di svolgere al meglio la nostra attivit\u00e0 di tutela e rappresentanza nei luoghi di lavoro, intervenendo laddove si verifichino situazioni di sfruttamento, lavoro sommerso o discriminazioni&#8221; <\/em><\/p>\n<p><em>&#8220;Negli anni abbiamo sviluppato servizi che rispondono anche ai bisogni amministrativi, come il rilascio o il rinnovo dei titoli di soggiorno. Ma non solo&#8230; con ANOLF si \u00e8 avviato un dialogo culturale per una reciproca conoscenza con le comunit\u00e0 straniere presenti sul territorio. Solo con il dialogo possiamo ambire a costruire una comunit\u00e0 locale inclusiva che possa portare benessere a tutti&#8221;<\/em> ha concluso la Segretaria UST CISL Monza Brianza Lecco.<\/p>\n<p>Durante la domenica gli uffici dell&#8217;<strong>ANOLF Monza Brianza Lecco<\/strong> hanno ospitato il personale del <strong>Consolato del Burkina Faso<\/strong> che, approfittando della permanenza in Lombardia, si \u00e8 reso disponibile per lo svolgimento delle pratiche a favore dei burkinab\u00e8 lecchesi. durante le celebrazioni, l&#8217;associazione per gli immigrati promossa dalla CISL, \u00e8 stata insignita del titolo di &#8220;Amico del Burkina&#8221;.<\/p>\n<p>[metaslider id=14415]<\/p>\n","protected":false},"excerpt":{"rendered":"<p>Tre giorni di festa per riunire le comunit\u00e0 burkinab\u00e8 italiane all&#8217;insegna della &#8220;solidariet\u00e0 e resilienza contro il terrorismo&#8221;. Un lungo weekend iniziato venerd\u00ec con le visite istituzionali dei rappresentanti politici del Burkina Faso al Comune e alla Prefettura di Lecco, oltre che ad una azienda del territorio, continuato nella giornata di sabato con la conferenza [&hellip;]<\/p>\n","protected":false},"author":5,"featured_media":14413,"comment_status":"closed","ping_status":"open","sticky":false,"template":"","format":"standard","meta":{"footnotes":""},"categories":[1],"tags":[],"class_list":{"0":"post-14371","1":"post","2":"type-post","3":"status-publish","4":"format-standard","5":"has-post-thumbnail","7":"category-notizie","8":"czr-hentry"},"_links":{"self":[{"href":"https:\/\/www.monzalecco.lombardia.cisl.it\/index.php?rest_route=\/wp\/v2\/posts\/14371","targetHints":{"allow":["GET"]}}],"collection":[{"href":"https:\/\/www.monzalecco.lombardia.cisl.it\/index.php?rest_route=\/wp\/v2\/posts"}],"about":[{"href":"https:\/\/www.monzalecco.lombardia.cisl.it\/index.php?rest_route=\/wp\/v2\/types\/post"}],"author":[{"embeddable":true,"href":"https:\/\/www.monzalecco.lombardia.cisl.it\/index.php?rest_route=\/wp\/v2\/users\/5"}],"replies":[{"embeddable":true,"href":"https:\/\/www.monzalecco.lombardia.cisl.it\/index.php?rest_route=%2Fwp%2Fv2%2Fcomments&post=14371"}],"version-history":[{"count":7,"href":"https:\/\/www.monzalecco.lombardia.cisl.it\/index.php?rest_route=\/wp\/v2\/posts\/14371\/revisions"}],"predecessor-version":[{"id":14438,"href":"https:\/\/www.monzalecco.lombardia.cisl.it\/index.php?rest_route=\/wp\/v2\/posts\/14371\/revisions\/14438"}],"wp:featuredmedia":[{"embeddable":true,"href":"https:\/\/www.monzalecco.lombardia.cisl.it\/index.php?rest_route=\/wp\/v2\/media\/14413"}],"wp:attachment":[{"href":"https:\/\/www.monzalecco.lombardia.cisl.it\/index.php?rest_route=%2Fwp%2Fv2%2Fmedia&parent=14371"}],"wp:term":[{"taxonomy":"category","embeddable":true,"href":"https:\/\/www.monzalecco.lombardia.cisl.it\/index.php?rest_route=%2Fwp%2Fv2%2Fcategories&post=14371"},{"taxonomy":"post_tag","embeddable":true,"href":"https:\/\/www.monzalecco.lombardia.cisl.it\/index.php?rest_route=%2Fwp%2Fv2%2Ftags&post=14371"}],"curies":[{"name":"wp","href":"https:\/\/api.w.org\/{rel}","templated":true}]}}