{"id":14440,"date":"2023-07-19T09:13:43","date_gmt":"2023-07-19T07:13:43","guid":{"rendered":"https:\/\/www.monzalecco.lombardia.cisl.it\/?p=14440"},"modified":"2023-07-21T16:40:00","modified_gmt":"2023-07-21T14:40:00","slug":"somministrati-piu-tutelati-allabb-di-garbagnate-monastero","status":"publish","type":"post","link":"https:\/\/www.monzalecco.lombardia.cisl.it\/?p=14440","title":{"rendered":"Somministrati pi\u00f9 tutelati all&#8217;ABB di Garbagnate Monastero"},"content":{"rendered":"<p style=\"font-weight: 400;\">Si sono svolte nel primo pomeriggio di ieri le elezioni RSU (Rappresentanza sindacale unitaria) delle lavoratrici e dei lavoratori somministrati in ABB, azienda di Garbagnate Monastero attiva nel campo della progettazione e produzione di quadri elettrici industriali con circa 120 lavoratori di cui 21 somministrati.<\/p>\n<p style=\"font-weight: 400;\">Nonostante la grande diffusione di questa tipologia di lavoro nella provincia lecchese, quella di oggi rappresenta una grande novit\u00e0 e un enorme passo in avanti in termini di tutela del lavoro precario. Si tratta infatti della seconda elezione di un RSU dei lavoratori somministrati nel territorio lecchese.<\/p>\n<p style=\"font-weight: 400;\">I votanti hanno eletto all\u2019unanimit\u00e0 Franco Agustin (nella foto).<\/p>\n<p style=\"font-weight: 400;\">Grande la soddisfazione dei rappresentanti sindacali che seguono l\u2019azienda.<\/p>\n<p style=\"font-weight: 400;\">\u201cPer la Felsa Territoriale e Lombarda un&#8217;elezione RSU rappresenta un&#8217;occasione di crescita nel nostro settore\u201d ha dichiarato Davide Lagravinese, coordinatore FELSA CISL Monza Brianza Lecco, che insieme alla collega Anna Guerra assiste i dipendenti somministrati dell\u2019azienda. \u201cRappresentare i lavoratori flessibili \u00e8 sempre stata per noi una sfida importante, vista la loro particolare natura contrattuale. Trovare quindi lavoratori disponibili a mettersi in gioco \u00e8 grande motivo di orgoglio e d\u00e0 la possibilit\u00e0, attraverso un&#8217;elezione, di dar voce e certificare la rappresentanza. Dunque questo ci consente di poter essere presenti nei processi decisionali delle singole aziende, aiutando ancor di pi\u00f9 i lavoratori a far si che la parit\u00e0 di trattamento, prevista per legge e per contratto, venga nei fatti rispettata\u201d.<\/p>\n<p style=\"font-weight: 400;\">\u201cIn particolare, in sinergia con la FIM Territoriale, ci siamo accorti che in ABB Garbagnate ci sono stati dei problemi con l&#8217;erogazione dei premi, del welfare integrativo aziendale e della gestione corretta delle ferie nei confronti dei lavoratori somministrati\u201d ha spiegato Lagravinese. \u201cSiamo pronti ad aprire dei tavoli di confronto con le agenzie per monitorare tutte le varie situazioni. Ringrazio Franco per la sua disponibilit\u00e0, sar\u00e0 sicuramente una persona adeguata al ruolo che rivestir\u00e0.<\/p>\n<p style=\"font-weight: 400;\">Soddisfatto dell&#8217;esito delle votazioni anche il Segretario generale Felsa CISL Lombardia Guido Fratta, che ha raggiunto il seggio aziendale &#8220;Riuscire ad avere una rappresentanza sindacale elettiva Felsa in Abb ci riempie di orgoglio e ci consente di essere ancora pi\u00f9 vicini ai bisogni ed alle necessit\u00e0 di tutela dei lavoratori somministrati. Un plauso al grande lavoro svolto dai colleghi del coordinamento di Monza Lecco, Davide e Anna, e dal neo eletto rsu Franco\u201d.<\/p>\n<p style=\"font-weight: 400;\">Un risultato ottenuto anche con il sostegno della FIM CISL Monza Brianza Lecco, la categoria sindacale dei metalmeccanici CISL che segue le lavoratrici e i lavoratori assunti direttamente dall\u2019azienda, che ora, attraverso la voce del Segretario Lorenzo Ballerini, si congratula con i colleghi della FELSA per i risultati delle elezioni RSU auspicando che l\u2019impegno comune contribuisca a rafforzare le tutele a favore delle lavoratrici e dei lavoratori.<\/p>\n<p><a href=\"https:\/\/youtu.be\/PIF5rkkb0LE\" target=\"_blank\" rel=\"noopener\">L&#8217;intervista video<\/a><\/p>\n<p>[metaslider id=14445]<\/p>\n","protected":false},"excerpt":{"rendered":"<p>Si sono svolte nel primo pomeriggio di ieri le elezioni RSU (Rappresentanza sindacale unitaria) delle lavoratrici e dei lavoratori somministrati in ABB, azienda di Garbagnate Monastero attiva nel campo della progettazione e produzione di quadri elettrici industriali con circa 120 lavoratori di cui 21 somministrati. Nonostante la grande diffusione di questa tipologia di lavoro nella [&hellip;]<\/p>\n","protected":false},"author":5,"featured_media":14441,"comment_status":"closed","ping_status":"open","sticky":false,"template":"","format":"standard","meta":{"footnotes":""},"categories":[1],"tags":[],"class_list":{"0":"post-14440","1":"post","2":"type-post","3":"status-publish","4":"format-standard","5":"has-post-thumbnail","7":"category-notizie","8":"czr-hentry"},"_links":{"self":[{"href":"https:\/\/www.monzalecco.lombardia.cisl.it\/index.php?rest_route=\/wp\/v2\/posts\/14440","targetHints":{"allow":["GET"]}}],"collection":[{"href":"https:\/\/www.monzalecco.lombardia.cisl.it\/index.php?rest_route=\/wp\/v2\/posts"}],"about":[{"href":"https:\/\/www.monzalecco.lombardia.cisl.it\/index.php?rest_route=\/wp\/v2\/types\/post"}],"author":[{"embeddable":true,"href":"https:\/\/www.monzalecco.lombardia.cisl.it\/index.php?rest_route=\/wp\/v2\/users\/5"}],"replies":[{"embeddable":true,"href":"https:\/\/www.monzalecco.lombardia.cisl.it\/index.php?rest_route=%2Fwp%2Fv2%2Fcomments&post=14440"}],"version-history":[{"count":4,"href":"https:\/\/www.monzalecco.lombardia.cisl.it\/index.php?rest_route=\/wp\/v2\/posts\/14440\/revisions"}],"predecessor-version":[{"id":14461,"href":"https:\/\/www.monzalecco.lombardia.cisl.it\/index.php?rest_route=\/wp\/v2\/posts\/14440\/revisions\/14461"}],"wp:featuredmedia":[{"embeddable":true,"href":"https:\/\/www.monzalecco.lombardia.cisl.it\/index.php?rest_route=\/wp\/v2\/media\/14441"}],"wp:attachment":[{"href":"https:\/\/www.monzalecco.lombardia.cisl.it\/index.php?rest_route=%2Fwp%2Fv2%2Fmedia&parent=14440"}],"wp:term":[{"taxonomy":"category","embeddable":true,"href":"https:\/\/www.monzalecco.lombardia.cisl.it\/index.php?rest_route=%2Fwp%2Fv2%2Fcategories&post=14440"},{"taxonomy":"post_tag","embeddable":true,"href":"https:\/\/www.monzalecco.lombardia.cisl.it\/index.php?rest_route=%2Fwp%2Fv2%2Ftags&post=14440"}],"curies":[{"name":"wp","href":"https:\/\/api.w.org\/{rel}","templated":true}]}}