{"id":14711,"date":"2023-10-06T18:14:54","date_gmt":"2023-10-06T16:14:54","guid":{"rendered":"https:\/\/www.monzalecco.lombardia.cisl.it\/?p=14711"},"modified":"2023-10-10T11:58:19","modified_gmt":"2023-10-10T09:58:19","slug":"14-ottobre-festa-della-partecipazione","status":"publish","type":"post","link":"https:\/\/www.monzalecco.lombardia.cisl.it\/?p=14711","title":{"rendered":"14 Ottobre &#8211; FESTA DELLA PARTECIPAZIONE"},"content":{"rendered":"<p>Non si ferma il cammino della raccolta firme per la <strong>legge che propone una partecipazione pi\u00f9 attiva di lavoratrici e lavoratori nelle scelte e negli utili delle aziende<\/strong>.<br \/>\nLa partecipazione \u00e8 un valore del metodo della CISL e nelle prossime settimane sar\u00e0 il tema di una fitta agenda di assemblee che terremo in tutti i luoghi di lavoro e iniziative sui territori.<br \/>\nIl 13 e il 14 Ottobre organizzeremo in tutta Italia un evento interamente dedicato, la<strong><span style=\"color: #008000;\"> \u201cFESTA DELLA PARTECIPAZIONE\u201d.<br \/>\n<\/span><\/strong>Prosegue, intanto, il nostro impegno per conquistare avanzamenti ai tavoli di confronto aperti e rafforziamo l\u2019iniziativa nei confronti del Governo in vista della Legge di Bilancio.<\/p>\n<p><a href=\"https:\/\/www.monzalecco.lombardia.cisl.it\/wp-content\/uploads\/2023\/10\/volantino.pdf\" target=\"_blank\" rel=\"noopener\">Partecipa al cambiamento insieme a noi: firma la proposta di legge, fai vivere i temi della agenda sociale.<\/a><\/p>\n<p><span style=\"color: #008000;\">La nostra proposta di legge prevede per i lavoratori un ruolo pi\u00f9 attivo nella vita dell\u2019impresa. La legge, in attuazione dell\u2019art. 46 della Costituzione, promuove la partecipazione gestionale, finanziaria, organizzativa e consultiva dei lavoratori all\u2019attivit\u00e0 d&#8217;impresa. La sua introduzione produrrebbe innumerevoli effetti positivi: aumento dei salari, pi\u00f9 investimenti, lavori pi\u00f9 stabili, pi\u00f9 produttivit\u00e0, pi\u00f9 competitivit\u00e0, pi\u00f9 sostenibilit\u00e0 sociale, meno delocalizzazioni, luoghi di lavoro pi\u00f9 sani e sicuri e piena coesione sociale. Per portarla all\u2019attenzione del Parlamento servono almeno 50.000 sottoscrizioni. La tua non pu\u00f2 mancare.<\/span><\/p>\n<p><strong><span style=\"color: #008000;\">Ti aspettiamo SABATO 14 OTTOBRE ore 8.30 &#8211; 12.00 a:<\/span><\/strong><\/p>\n<ul>\n<li><strong><span style=\"color: #008000;\">LECCO<\/span><\/strong> <span style=\"color: #008000;\">Piazza XX Settembre (sotto la Torre Viscontea)<\/span><\/li>\n<li><strong><span style=\"color: #008000;\">CASATENOVO<\/span><\/strong> <span style=\"color: #008000;\">Piazzale del Mercato \u00a0(via Casati)<\/span><\/li>\n<li><strong><span style=\"color: #008000;\">MONZA <\/span><\/strong><span style=\"color: #008000;\">Piazza <\/span><span style=\"color: #008000;\">San Paolo<\/span><\/li>\n<\/ul>\n<p><a href=\"https:\/\/www.monzalecco.lombardia.cisl.it\/wp-content\/uploads\/2023\/10\/Volantino-banchetti-14102023-2.pdf\" target=\"_blank\" rel=\"noopener\">scarica il volantino con gli appuntamenti di sabato 14.10.2023<\/a><\/p>\n","protected":false},"excerpt":{"rendered":"<p>Non si ferma il cammino della raccolta firme per la legge che propone una partecipazione pi\u00f9 attiva di lavoratrici e lavoratori nelle scelte e negli utili delle aziende. La partecipazione \u00e8 un valore del metodo della CISL e nelle prossime settimane sar\u00e0 il tema di una fitta agenda di assemblee che terremo in tutti i [&hellip;]<\/p>\n","protected":false},"author":5,"featured_media":14712,"comment_status":"closed","ping_status":"open","sticky":false,"template":"","format":"standard","meta":{"footnotes":""},"categories":[1],"tags":[1152,1147,1177],"class_list":{"0":"post-14711","1":"post","2":"type-post","3":"status-publish","4":"format-standard","5":"has-post-thumbnail","7":"category-notizie","8":"tag-la-partecipazione-al-lavoro","9":"tag-raccolta-firme-cisl","10":"tag-un-posto-al-tavolo","11":"czr-hentry"},"_links":{"self":[{"href":"https:\/\/www.monzalecco.lombardia.cisl.it\/index.php?rest_route=\/wp\/v2\/posts\/14711","targetHints":{"allow":["GET"]}}],"collection":[{"href":"https:\/\/www.monzalecco.lombardia.cisl.it\/index.php?rest_route=\/wp\/v2\/posts"}],"about":[{"href":"https:\/\/www.monzalecco.lombardia.cisl.it\/index.php?rest_route=\/wp\/v2\/types\/post"}],"author":[{"embeddable":true,"href":"https:\/\/www.monzalecco.lombardia.cisl.it\/index.php?rest_route=\/wp\/v2\/users\/5"}],"replies":[{"embeddable":true,"href":"https:\/\/www.monzalecco.lombardia.cisl.it\/index.php?rest_route=%2Fwp%2Fv2%2Fcomments&post=14711"}],"version-history":[{"count":7,"href":"https:\/\/www.monzalecco.lombardia.cisl.it\/index.php?rest_route=\/wp\/v2\/posts\/14711\/revisions"}],"predecessor-version":[{"id":14732,"href":"https:\/\/www.monzalecco.lombardia.cisl.it\/index.php?rest_route=\/wp\/v2\/posts\/14711\/revisions\/14732"}],"wp:featuredmedia":[{"embeddable":true,"href":"https:\/\/www.monzalecco.lombardia.cisl.it\/index.php?rest_route=\/wp\/v2\/media\/14712"}],"wp:attachment":[{"href":"https:\/\/www.monzalecco.lombardia.cisl.it\/index.php?rest_route=%2Fwp%2Fv2%2Fmedia&parent=14711"}],"wp:term":[{"taxonomy":"category","embeddable":true,"href":"https:\/\/www.monzalecco.lombardia.cisl.it\/index.php?rest_route=%2Fwp%2Fv2%2Fcategories&post=14711"},{"taxonomy":"post_tag","embeddable":true,"href":"https:\/\/www.monzalecco.lombardia.cisl.it\/index.php?rest_route=%2Fwp%2Fv2%2Ftags&post=14711"}],"curies":[{"name":"wp","href":"https:\/\/api.w.org\/{rel}","templated":true}]}}