{"id":14724,"date":"2023-10-10T10:18:25","date_gmt":"2023-10-10T08:18:25","guid":{"rendered":"https:\/\/www.monzalecco.lombardia.cisl.it\/?p=14724"},"modified":"2023-10-10T10:40:12","modified_gmt":"2023-10-10T08:40:12","slug":"unaltra-morte-intollerabile-e-indegna","status":"publish","type":"post","link":"https:\/\/www.monzalecco.lombardia.cisl.it\/?p=14724","title":{"rendered":"Un&#8217;altra morte &#8220;intollerabile e indegna&#8221;"},"content":{"rendered":"<p>E&#8217; morto Luciano Beretta, l&#8217;operaio della NOVATEX di Oggiono rimasto ferito gioved\u00ec scorso dal tubo metallico del macchinario su cui stava lavorando.<\/p>\n<p>Da gennaio a oggi sono pi\u00f9 di 700 i morti sul lavoro in Italia. \u201cUn fatto indegno morire sul lavoro&#8221; ha affermato Roberto Frigerio, Segretario CISL Monza Brianza Lecco. &#8220;Questi incidenti non avvengono per caso: dietro ci sono regole non rispettate, espedienti che aumentano la produzione a discapito della sicurezza, mancanza di manutenzione, formazione insufficiente, scarsi controlli, sanzioni non efficaci, tutti elementi che possono e devono essere rettificati. Servono pi\u00f9 controlli e maggiore severit\u00e0 nelle sanzioni: sulla vita delle persone non si transige. E serve infine fare un grosso investimento sulla cultura della sicurezza sul lavoro, sia tra i datori di lavoro che tra gli operai: le regole e le procedure ci sono, \u00e8 imperativo &#8211; per tutti &#8211; applicarle alla lettera al fine di ridurre il rischio di infortunio&#8221;.<\/p>\n<p>Anche le Segreterie di FILCTEM CGIL , FEMCA CISL e UILTEC UIL di Lecco e Matera, unitamente alle RSU e RSA\u00a0 degli stabilimenti NOVATEX di Oggiono e Ferrandina, hanno espresso il proprio cordoglio e vicinanza ai familiari di LUCIANO BERETTA in un comunicato stampa diffuso ieri.<\/p>\n<p><em>&#8220;Il richiamo delle ultime ore del nostro Presidente della Repubblica, che ha rimarcato ancora una volta come sia intollerabile e indegna di un paese civile la\u00a0 sequenza\u00a0 di incidenti e morti sul lavoro che funesta il nostro paese da anni,\u00a0 ci tocca ancora di pi\u00f9 in giornate come queste quando fatti dolorosi di questo tipo ci coinvolgono indirettamente e coinvolgono un collega col quale abbiamo lavorato per anni fianco a fianco.<\/em><br \/>\n<em>La tragica morte di Luciano , lavoratore esperto e competente , ci indica che il nostro impegno , quello delle nostre Rappresentanze Sindacali cos\u00ec come dei nostri Rappresentanti dei Lavoratori alla Sicurezza, i quali quotidianamente si adoperano per far s\u00ec non solo che le Aziende pongano sempre la massima attenzione e sensibilit\u00e0 al tema della sicurezza\u00a0 e della prevenzione degli incidenti in ogni luogo di lavoro, \u00a0ma soprattutto per far s\u00ec che si radichi finalmente una vera Cultura della Sicurezza sul Lavoro, ebbene tale impegno deve continuare, se possibile, con ancor pi\u00f9 determinazione e senza, come sempre, alcuna mediazione.<\/em><br \/>\n<em>Ovviamente evitiamo ulteriori commenti in attesa dell\u2019esito delle verifiche sull\u2019accaduto, che spettano alle autorit\u00e0 competenti, ma chiedendo, sin da subito, e per entrambi i siti, un incontro urgente su procedure di Sicurezza e Prevenzione alla Direzione Novatex, che dobbiamo riconoscere, comunque, in questi anni , aver dimostrato impegno e sensibilit\u00e0 sul tema.&#8221;<\/em><\/p>\n<p>&nbsp;<\/p>\n","protected":false},"excerpt":{"rendered":"<p>E&#8217; morto Luciano Beretta, l&#8217;operaio della NOVATEX di Oggiono rimasto ferito gioved\u00ec scorso dal tubo metallico del macchinario su cui stava lavorando. Da gennaio a oggi sono pi\u00f9 di 700 i morti sul lavoro in Italia. \u201cUn fatto indegno morire sul lavoro&#8221; ha affermato Roberto Frigerio, Segretario CISL Monza Brianza Lecco. &#8220;Questi incidenti non avvengono [&hellip;]<\/p>\n","protected":false},"author":5,"featured_media":14725,"comment_status":"closed","ping_status":"open","sticky":false,"template":"","format":"standard","meta":{"footnotes":""},"categories":[1],"tags":[],"class_list":{"0":"post-14724","1":"post","2":"type-post","3":"status-publish","4":"format-standard","5":"has-post-thumbnail","7":"category-notizie","8":"czr-hentry"},"_links":{"self":[{"href":"https:\/\/www.monzalecco.lombardia.cisl.it\/index.php?rest_route=\/wp\/v2\/posts\/14724","targetHints":{"allow":["GET"]}}],"collection":[{"href":"https:\/\/www.monzalecco.lombardia.cisl.it\/index.php?rest_route=\/wp\/v2\/posts"}],"about":[{"href":"https:\/\/www.monzalecco.lombardia.cisl.it\/index.php?rest_route=\/wp\/v2\/types\/post"}],"author":[{"embeddable":true,"href":"https:\/\/www.monzalecco.lombardia.cisl.it\/index.php?rest_route=\/wp\/v2\/users\/5"}],"replies":[{"embeddable":true,"href":"https:\/\/www.monzalecco.lombardia.cisl.it\/index.php?rest_route=%2Fwp%2Fv2%2Fcomments&post=14724"}],"version-history":[{"count":3,"href":"https:\/\/www.monzalecco.lombardia.cisl.it\/index.php?rest_route=\/wp\/v2\/posts\/14724\/revisions"}],"predecessor-version":[{"id":14728,"href":"https:\/\/www.monzalecco.lombardia.cisl.it\/index.php?rest_route=\/wp\/v2\/posts\/14724\/revisions\/14728"}],"wp:featuredmedia":[{"embeddable":true,"href":"https:\/\/www.monzalecco.lombardia.cisl.it\/index.php?rest_route=\/wp\/v2\/media\/14725"}],"wp:attachment":[{"href":"https:\/\/www.monzalecco.lombardia.cisl.it\/index.php?rest_route=%2Fwp%2Fv2%2Fmedia&parent=14724"}],"wp:term":[{"taxonomy":"category","embeddable":true,"href":"https:\/\/www.monzalecco.lombardia.cisl.it\/index.php?rest_route=%2Fwp%2Fv2%2Fcategories&post=14724"},{"taxonomy":"post_tag","embeddable":true,"href":"https:\/\/www.monzalecco.lombardia.cisl.it\/index.php?rest_route=%2Fwp%2Fv2%2Ftags&post=14724"}],"curies":[{"name":"wp","href":"https:\/\/api.w.org\/{rel}","templated":true}]}}